{"id":14168,"date":"2026-01-28T10:16:46","date_gmt":"2026-01-28T09:16:46","guid":{"rendered":"https:\/\/www.idworx-bikes.de\/idworx-on-tour-tech-talk-in-belgien-und-den-niederlanden-with-gerrit-and-jochem"},"modified":"2026-02-02T08:40:43","modified_gmt":"2026-02-02T07:40:43","slug":"idworx-on-tour-tech-talk-in-belgien-und-den-niederlanden-with-gerrit-and-jochem","status":"publish","type":"post","link":"https:\/\/www.idworx-bikes.de\/de\/idworx-on-tour-tech-talk-in-belgien-und-den-niederlanden-with-gerrit-and-jochem","title":{"rendered":"idworx on Tour: Tech Talk in Belgien und den Niederlanden with Gerrit and Jochem"},"content":{"rendered":"<p>Am 5. M\u00e4rz 2026 starten Gerrit und Jochem ihre Tech Talk Tour bei Bike Packing Belgium in Antwerpen. Eine vorherige Anmeldung ist erw\u00fcnscht.<\/p>\n<p><a href=\"https:\/\/bikepacking-belgium.webshopapp.com\/lezing-door-gerrit-gaastra-over-idworx-2026.html\" target=\"_blank\" rel=\"noopener noreferrer\">Bike Packing Belgium<\/a><\/p>\n<p>Die zweite Station ist am 27. M\u00e4rz 2026 bei Bongers Bikes in Apeldoorn in den Niederlanden. Eine Voranmeldung ist erw\u00fcnscht.<br \/>\n<a href=\"https:\/\/www.bongersbikes.nl\/idworx-avond-met-gerrit-gaastra\/\" target=\"_blank\" rel=\"noopener noreferrer\">Bongers Bikes<\/a><\/p>\n<p>Das Finale der Tournee findet am 8. April 2026 im Vakantiefietsern in Amsterdam statt. Bitte melden Sie sich hier im Voraus an.<br \/>\n<a href=\"https:\/\/www.vakantiefietser.nl\/product\/idworx-avond-gerrit-gaastra-8-april\/\" target=\"_blank\" rel=\"noopener noreferrer\">De Vakantiefietser<\/a><\/p>\n","protected":false},"excerpt":{"rendered":"<p>Am 5. M\u00e4rz 2026 starten Gerrit und Jochem ihre Tech Talk Tour bei Bike Packing Belgium in Antwerpen. Eine vorherige Anmeldung ist erw\u00fcnscht. Bike Packing Belgium Die zweite Station ist am 27. M\u00e4rz 2026 bei Bongers Bikes in Apeldoorn in den Niederlanden. Eine Voranmeldung ist erw\u00fcnscht. Bongers Bikes Das Finale der Tournee findet am 8. [&hellip;]<\/p>\n","protected":false},"author":10,"featured_media":12355,"comment_status":"closed","ping_status":"closed","sticky":false,"template":"","format":"standard","meta":{"footnotes":""},"categories":[194,183],"tags":[],"class_list":["post-14168","post","type-post","status-publish","format-standard","has-post-thumbnail","hentry","category-neuigkeiten","category-top-neuigkeiten"],"yoast_head":"<!-- This site is optimized with the Yoast SEO plugin v27.5 - https:\/\/yoast.com\/product\/yoast-seo-wordpress\/ -->\n<title>idworx on Tour: Tech Talk in Belgien und den Niederlanden with Gerrit and Jochem - idworx \u2013 Premium Reiser\u00e4der, Trekking Bikes, E-Bikes &amp; Vakantiefietsen<\/title>\n<meta name=\"robots\" content=\"index, follow, max-snippet:-1, max-image-preview:large, max-video-preview:-1\" \/>\n<link rel=\"canonical\" href=\"https:\/\/www.idworx-bikes.de\/de\/idworx-on-tour-tech-talk-in-belgien-und-den-niederlanden-with-gerrit-and-jochem\" \/>\n<meta property=\"og:locale\" content=\"de_DE\" \/>\n<meta property=\"og:type\" content=\"article\" \/>\n<meta property=\"og:title\" content=\"idworx on Tour: Tech Talk in Belgien und den Niederlanden with Gerrit and Jochem - idworx \u2013 Premium Reiser\u00e4der, Trekking Bikes, E-Bikes &amp; Vakantiefietsen\" \/>\n<meta property=\"og:description\" content=\"Am 5. M\u00e4rz 2026 starten Gerrit und Jochem ihre Tech Talk Tour bei Bike Packing Belgium in Antwerpen. Eine vorherige Anmeldung ist erw\u00fcnscht. Bike Packing Belgium Die zweite Station ist am 27. M\u00e4rz 2026 bei Bongers Bikes in Apeldoorn in den Niederlanden. Eine Voranmeldung ist erw\u00fcnscht. Bongers Bikes Das Finale der Tournee findet am 8. [&hellip;]\" \/>\n<meta property=\"og:url\" content=\"https:\/\/www.idworx-bikes.de\/de\/idworx-on-tour-tech-talk-in-belgien-und-den-niederlanden-with-gerrit-and-jochem\" \/>\n<meta property=\"og:site_name\" content=\"idworx \u2013 Premium Reiser\u00e4der, Trekking Bikes, E-Bikes &amp; Vakantiefietsen\" \/>\n<meta property=\"article:publisher\" content=\"https:\/\/www.facebook.com\/Idworx-202013906499907\/\" \/>\n<meta property=\"article:published_time\" content=\"2026-01-28T09:16:46+00:00\" \/>\n<meta property=\"article:modified_time\" content=\"2026-02-02T07:40:43+00:00\" \/>\n<meta property=\"og:image\" content=\"https:\/\/www.idworx-bikes.de\/wp-content\/uploads\/2024\/02\/DSC_9136-scaled-318de4cc.webp\" \/>\n\t<meta property=\"og:image:width\" content=\"1600\" \/>\n\t<meta property=\"og:image:height\" content=\"2405\" \/>\n\t<meta property=\"og:image:type\" content=\"image\/webp\" \/>\n<meta name=\"author\" content=\"Jana Kalbertodt\" \/>\n<meta name=\"twitter:label1\" content=\"Verfasst von\" \/>\n\t<meta name=\"twitter:data1\" content=\"Jana Kalbertodt\" \/>\n<script type=\"application\/ld+json\" class=\"yoast-schema-graph\">{\"@context\":\"https:\\\/\\\/schema.org\",\"@graph\":[{\"@type\":\"Article\",\"@id\":\"https:\\\/\\\/www.idworx-bikes.de\\\/de\\\/idworx-on-tour-tech-talk-in-belgien-und-den-niederlanden-with-gerrit-and-jochem#article\",\"isPartOf\":{\"@id\":\"https:\\\/\\\/www.idworx-bikes.de\\\/de\\\/idworx-on-tour-tech-talk-in-belgien-und-den-niederlanden-with-gerrit-and-jochem\"},\"author\":{\"name\":\"Jana Kalbertodt\",\"@id\":\"https:\\\/\\\/www.idworx-bikes.de\\\/#\\\/schema\\\/person\\\/761c91dd3c2ad1aecafcb3aea81ae1f2\"},\"headline\":\"idworx on Tour: Tech Talk in Belgien und den Niederlanden with Gerrit and Jochem\",\"datePublished\":\"2026-01-28T09:16:46+00:00\",\"dateModified\":\"2026-02-02T07:40:43+00:00\",\"mainEntityOfPage\":{\"@id\":\"https:\\\/\\\/www.idworx-bikes.de\\\/de\\\/idworx-on-tour-tech-talk-in-belgien-und-den-niederlanden-with-gerrit-and-jochem\"},\"wordCount\":84,\"publisher\":{\"@id\":\"https:\\\/\\\/www.idworx-bikes.de\\\/#organization\"},\"image\":{\"@id\":\"https:\\\/\\\/www.idworx-bikes.de\\\/de\\\/idworx-on-tour-tech-talk-in-belgien-und-den-niederlanden-with-gerrit-and-jochem#primaryimage\"},\"thumbnailUrl\":\"https:\\\/\\\/www.idworx-bikes.de\\\/wp-content\\\/uploads\\\/2024\\\/02\\\/DSC_9136-scaled-318de4cc.webp\",\"articleSection\":[\"News\",\"Top-News\"],\"inLanguage\":\"de\"},{\"@type\":\"WebPage\",\"@id\":\"https:\\\/\\\/www.idworx-bikes.de\\\/de\\\/idworx-on-tour-tech-talk-in-belgien-und-den-niederlanden-with-gerrit-and-jochem\",\"url\":\"https:\\\/\\\/www.idworx-bikes.de\\\/de\\\/idworx-on-tour-tech-talk-in-belgien-und-den-niederlanden-with-gerrit-and-jochem\",\"name\":\"idworx on Tour: Tech Talk in Belgien und den Niederlanden with Gerrit and Jochem - idworx \u2013 Premium Reiser\u00e4der, Trekking Bikes, E-Bikes &amp; Vakantiefietsen\",\"isPartOf\":{\"@id\":\"https:\\\/\\\/www.idworx-bikes.de\\\/#website\"},\"primaryImageOfPage\":{\"@id\":\"https:\\\/\\\/www.idworx-bikes.de\\\/de\\\/idworx-on-tour-tech-talk-in-belgien-und-den-niederlanden-with-gerrit-and-jochem#primaryimage\"},\"image\":{\"@id\":\"https:\\\/\\\/www.idworx-bikes.de\\\/de\\\/idworx-on-tour-tech-talk-in-belgien-und-den-niederlanden-with-gerrit-and-jochem#primaryimage\"},\"thumbnailUrl\":\"https:\\\/\\\/www.idworx-bikes.de\\\/wp-content\\\/uploads\\\/2024\\\/02\\\/DSC_9136-scaled-318de4cc.webp\",\"datePublished\":\"2026-01-28T09:16:46+00:00\",\"dateModified\":\"2026-02-02T07:40:43+00:00\",\"breadcrumb\":{\"@id\":\"https:\\\/\\\/www.idworx-bikes.de\\\/de\\\/idworx-on-tour-tech-talk-in-belgien-und-den-niederlanden-with-gerrit-and-jochem#breadcrumb\"},\"inLanguage\":\"de\",\"potentialAction\":[{\"@type\":\"ReadAction\",\"target\":[\"https:\\\/\\\/www.idworx-bikes.de\\\/de\\\/idworx-on-tour-tech-talk-in-belgien-und-den-niederlanden-with-gerrit-and-jochem\"]}]},{\"@type\":\"ImageObject\",\"inLanguage\":\"de\",\"@id\":\"https:\\\/\\\/www.idworx-bikes.de\\\/de\\\/idworx-on-tour-tech-talk-in-belgien-und-den-niederlanden-with-gerrit-and-jochem#primaryimage\",\"url\":\"https:\\\/\\\/www.idworx-bikes.de\\\/wp-content\\\/uploads\\\/2024\\\/02\\\/DSC_9136-scaled-318de4cc.webp\",\"contentUrl\":\"https:\\\/\\\/www.idworx-bikes.de\\\/wp-content\\\/uploads\\\/2024\\\/02\\\/DSC_9136-scaled-318de4cc.webp\",\"width\":1600,\"height\":2405},{\"@type\":\"BreadcrumbList\",\"@id\":\"https:\\\/\\\/www.idworx-bikes.de\\\/de\\\/idworx-on-tour-tech-talk-in-belgien-und-den-niederlanden-with-gerrit-and-jochem#breadcrumb\",\"itemListElement\":[{\"@type\":\"ListItem\",\"position\":1,\"name\":\"Home\",\"item\":\"https:\\\/\\\/www.idworx-bikes.de\\\/de\"},{\"@type\":\"ListItem\",\"position\":2,\"name\":\"idworx on Tour: Tech Talk in Belgien und den Niederlanden with Gerrit and Jochem\"}]},{\"@type\":\"WebSite\",\"@id\":\"https:\\\/\\\/www.idworx-bikes.de\\\/#website\",\"url\":\"https:\\\/\\\/www.idworx-bikes.de\\\/\",\"name\":\"idworx \u2013 Premium Reiser\u00e4der, Trekking Bikes, E-Bikes &amp; Vakantiefietsen\",\"description\":\"It works! Handgefertigte Bikes f\u00fcr h\u00f6chste Anspr\u00fcche\",\"publisher\":{\"@id\":\"https:\\\/\\\/www.idworx-bikes.de\\\/#organization\"},\"potentialAction\":[{\"@type\":\"SearchAction\",\"target\":{\"@type\":\"EntryPoint\",\"urlTemplate\":\"https:\\\/\\\/www.idworx-bikes.de\\\/?s={search_term_string}\"},\"query-input\":{\"@type\":\"PropertyValueSpecification\",\"valueRequired\":true,\"valueName\":\"search_term_string\"}}],\"inLanguage\":\"de\"},{\"@type\":\"Organization\",\"@id\":\"https:\\\/\\\/www.idworx-bikes.de\\\/#organization\",\"name\":\"idworx\",\"url\":\"https:\\\/\\\/www.idworx-bikes.de\\\/\",\"logo\":{\"@type\":\"ImageObject\",\"inLanguage\":\"de\",\"@id\":\"https:\\\/\\\/www.idworx-bikes.de\\\/#\\\/schema\\\/logo\\\/image\\\/\",\"url\":\"https:\\\/\\\/www.idworx-bikes.de\\\/wp-content\\\/uploads\\\/2015\\\/12\\\/idworx-logo_b.png\",\"contentUrl\":\"https:\\\/\\\/www.idworx-bikes.de\\\/wp-content\\\/uploads\\\/2015\\\/12\\\/idworx-logo_b.png\",\"width\":216,\"height\":69,\"caption\":\"idworx\"},\"image\":{\"@id\":\"https:\\\/\\\/www.idworx-bikes.de\\\/#\\\/schema\\\/logo\\\/image\\\/\"},\"sameAs\":[\"https:\\\/\\\/www.facebook.com\\\/Idworx-202013906499907\\\/\"]},{\"@type\":\"Person\",\"@id\":\"https:\\\/\\\/www.idworx-bikes.de\\\/#\\\/schema\\\/person\\\/761c91dd3c2ad1aecafcb3aea81ae1f2\",\"name\":\"Jana Kalbertodt\",\"image\":{\"@type\":\"ImageObject\",\"inLanguage\":\"de\",\"@id\":\"https:\\\/\\\/secure.gravatar.com\\\/avatar\\\/7c4bd5bf20bd2fa27c905ba42082dfb4a3c1405ead7c4527b59fd79bff18dc75?s=96&d=mm&r=g\",\"url\":\"https:\\\/\\\/secure.gravatar.com\\\/avatar\\\/7c4bd5bf20bd2fa27c905ba42082dfb4a3c1405ead7c4527b59fd79bff18dc75?s=96&d=mm&r=g\",\"contentUrl\":\"https:\\\/\\\/secure.gravatar.com\\\/avatar\\\/7c4bd5bf20bd2fa27c905ba42082dfb4a3c1405ead7c4527b59fd79bff18dc75?s=96&d=mm&r=g\",\"caption\":\"Jana Kalbertodt\"},\"url\":\"https:\\\/\\\/www.idworx-bikes.de\\\/de\\\/author\\\/jana\"}]}<\/script>\n<!-- \/ Yoast SEO plugin. -->","yoast_head_json":{"title":"idworx on Tour: Tech Talk in Belgien und den Niederlanden with Gerrit and Jochem - idworx \u2013 Premium Reiser\u00e4der, Trekking Bikes, E-Bikes &amp; Vakantiefietsen","robots":{"index":"index","follow":"follow","max-snippet":"max-snippet:-1","max-image-preview":"max-image-preview:large","max-video-preview":"max-video-preview:-1"},"canonical":"https:\/\/www.idworx-bikes.de\/de\/idworx-on-tour-tech-talk-in-belgien-und-den-niederlanden-with-gerrit-and-jochem","og_locale":"de_DE","og_type":"article","og_title":"idworx on Tour: Tech Talk in Belgien und den Niederlanden with Gerrit and Jochem - idworx \u2013 Premium Reiser\u00e4der, Trekking Bikes, E-Bikes &amp; Vakantiefietsen","og_description":"Am 5. M\u00e4rz 2026 starten Gerrit und Jochem ihre Tech Talk Tour bei Bike Packing Belgium in Antwerpen. Eine vorherige Anmeldung ist erw\u00fcnscht. Bike Packing Belgium Die zweite Station ist am 27. M\u00e4rz 2026 bei Bongers Bikes in Apeldoorn in den Niederlanden. Eine Voranmeldung ist erw\u00fcnscht. Bongers Bikes Das Finale der Tournee findet am 8. [&hellip;]","og_url":"https:\/\/www.idworx-bikes.de\/de\/idworx-on-tour-tech-talk-in-belgien-und-den-niederlanden-with-gerrit-and-jochem","og_site_name":"idworx \u2013 Premium Reiser\u00e4der, Trekking Bikes, E-Bikes &amp; Vakantiefietsen","article_publisher":"https:\/\/www.facebook.com\/Idworx-202013906499907\/","article_published_time":"2026-01-28T09:16:46+00:00","article_modified_time":"2026-02-02T07:40:43+00:00","og_image":[{"width":1600,"height":2405,"url":"https:\/\/www.idworx-bikes.de\/wp-content\/uploads\/2024\/02\/DSC_9136-scaled-318de4cc.webp","type":"image\/webp"}],"author":"Jana Kalbertodt","twitter_misc":{"Verfasst von":"Jana Kalbertodt"},"schema":{"@context":"https:\/\/schema.org","@graph":[{"@type":"Article","@id":"https:\/\/www.idworx-bikes.de\/de\/idworx-on-tour-tech-talk-in-belgien-und-den-niederlanden-with-gerrit-and-jochem#article","isPartOf":{"@id":"https:\/\/www.idworx-bikes.de\/de\/idworx-on-tour-tech-talk-in-belgien-und-den-niederlanden-with-gerrit-and-jochem"},"author":{"name":"Jana Kalbertodt","@id":"https:\/\/www.idworx-bikes.de\/#\/schema\/person\/761c91dd3c2ad1aecafcb3aea81ae1f2"},"headline":"idworx on Tour: Tech Talk in Belgien und den Niederlanden with Gerrit and Jochem","datePublished":"2026-01-28T09:16:46+00:00","dateModified":"2026-02-02T07:40:43+00:00","mainEntityOfPage":{"@id":"https:\/\/www.idworx-bikes.de\/de\/idworx-on-tour-tech-talk-in-belgien-und-den-niederlanden-with-gerrit-and-jochem"},"wordCount":84,"publisher":{"@id":"https:\/\/www.idworx-bikes.de\/#organization"},"image":{"@id":"https:\/\/www.idworx-bikes.de\/de\/idworx-on-tour-tech-talk-in-belgien-und-den-niederlanden-with-gerrit-and-jochem#primaryimage"},"thumbnailUrl":"https:\/\/www.idworx-bikes.de\/wp-content\/uploads\/2024\/02\/DSC_9136-scaled-318de4cc.webp","articleSection":["News","Top-News"],"inLanguage":"de"},{"@type":"WebPage","@id":"https:\/\/www.idworx-bikes.de\/de\/idworx-on-tour-tech-talk-in-belgien-und-den-niederlanden-with-gerrit-and-jochem","url":"https:\/\/www.idworx-bikes.de\/de\/idworx-on-tour-tech-talk-in-belgien-und-den-niederlanden-with-gerrit-and-jochem","name":"idworx on Tour: Tech Talk in Belgien und den Niederlanden with Gerrit and Jochem - idworx \u2013 Premium Reiser\u00e4der, Trekking Bikes, E-Bikes &amp; Vakantiefietsen","isPartOf":{"@id":"https:\/\/www.idworx-bikes.de\/#website"},"primaryImageOfPage":{"@id":"https:\/\/www.idworx-bikes.de\/de\/idworx-on-tour-tech-talk-in-belgien-und-den-niederlanden-with-gerrit-and-jochem#primaryimage"},"image":{"@id":"https:\/\/www.idworx-bikes.de\/de\/idworx-on-tour-tech-talk-in-belgien-und-den-niederlanden-with-gerrit-and-jochem#primaryimage"},"thumbnailUrl":"https:\/\/www.idworx-bikes.de\/wp-content\/uploads\/2024\/02\/DSC_9136-scaled-318de4cc.webp","datePublished":"2026-01-28T09:16:46+00:00","dateModified":"2026-02-02T07:40:43+00:00","breadcrumb":{"@id":"https:\/\/www.idworx-bikes.de\/de\/idworx-on-tour-tech-talk-in-belgien-und-den-niederlanden-with-gerrit-and-jochem#breadcrumb"},"inLanguage":"de","potentialAction":[{"@type":"ReadAction","target":["https:\/\/www.idworx-bikes.de\/de\/idworx-on-tour-tech-talk-in-belgien-und-den-niederlanden-with-gerrit-and-jochem"]}]},{"@type":"ImageObject","inLanguage":"de","@id":"https:\/\/www.idworx-bikes.de\/de\/idworx-on-tour-tech-talk-in-belgien-und-den-niederlanden-with-gerrit-and-jochem#primaryimage","url":"https:\/\/www.idworx-bikes.de\/wp-content\/uploads\/2024\/02\/DSC_9136-scaled-318de4cc.webp","contentUrl":"https:\/\/www.idworx-bikes.de\/wp-content\/uploads\/2024\/02\/DSC_9136-scaled-318de4cc.webp","width":1600,"height":2405},{"@type":"BreadcrumbList","@id":"https:\/\/www.idworx-bikes.de\/de\/idworx-on-tour-tech-talk-in-belgien-und-den-niederlanden-with-gerrit-and-jochem#breadcrumb","itemListElement":[{"@type":"ListItem","position":1,"name":"Home","item":"https:\/\/www.idworx-bikes.de\/de"},{"@type":"ListItem","position":2,"name":"idworx on Tour: Tech Talk in Belgien und den Niederlanden with Gerrit and Jochem"}]},{"@type":"WebSite","@id":"https:\/\/www.idworx-bikes.de\/#website","url":"https:\/\/www.idworx-bikes.de\/","name":"idworx \u2013 Premium Reiser\u00e4der, Trekking Bikes, E-Bikes &amp; Vakantiefietsen","description":"It works! Handgefertigte Bikes f\u00fcr h\u00f6chste Anspr\u00fcche","publisher":{"@id":"https:\/\/www.idworx-bikes.de\/#organization"},"potentialAction":[{"@type":"SearchAction","target":{"@type":"EntryPoint","urlTemplate":"https:\/\/www.idworx-bikes.de\/?s={search_term_string}"},"query-input":{"@type":"PropertyValueSpecification","valueRequired":true,"valueName":"search_term_string"}}],"inLanguage":"de"},{"@type":"Organization","@id":"https:\/\/www.idworx-bikes.de\/#organization","name":"idworx","url":"https:\/\/www.idworx-bikes.de\/","logo":{"@type":"ImageObject","inLanguage":"de","@id":"https:\/\/www.idworx-bikes.de\/#\/schema\/logo\/image\/","url":"https:\/\/www.idworx-bikes.de\/wp-content\/uploads\/2015\/12\/idworx-logo_b.png","contentUrl":"https:\/\/www.idworx-bikes.de\/wp-content\/uploads\/2015\/12\/idworx-logo_b.png","width":216,"height":69,"caption":"idworx"},"image":{"@id":"https:\/\/www.idworx-bikes.de\/#\/schema\/logo\/image\/"},"sameAs":["https:\/\/www.facebook.com\/Idworx-202013906499907\/"]},{"@type":"Person","@id":"https:\/\/www.idworx-bikes.de\/#\/schema\/person\/761c91dd3c2ad1aecafcb3aea81ae1f2","name":"Jana Kalbertodt","image":{"@type":"ImageObject","inLanguage":"de","@id":"https:\/\/secure.gravatar.com\/avatar\/7c4bd5bf20bd2fa27c905ba42082dfb4a3c1405ead7c4527b59fd79bff18dc75?s=96&d=mm&r=g","url":"https:\/\/secure.gravatar.com\/avatar\/7c4bd5bf20bd2fa27c905ba42082dfb4a3c1405ead7c4527b59fd79bff18dc75?s=96&d=mm&r=g","contentUrl":"https:\/\/secure.gravatar.com\/avatar\/7c4bd5bf20bd2fa27c905ba42082dfb4a3c1405ead7c4527b59fd79bff18dc75?s=96&d=mm&r=g","caption":"Jana Kalbertodt"},"url":"https:\/\/www.idworx-bikes.de\/de\/author\/jana"}]}},"_links":{"self":[{"href":"https:\/\/www.idworx-bikes.de\/de\/wp-json\/wp\/v2\/posts\/14168","targetHints":{"allow":["GET"]}}],"collection":[{"href":"https:\/\/www.idworx-bikes.de\/de\/wp-json\/wp\/v2\/posts"}],"about":[{"href":"https:\/\/www.idworx-bikes.de\/de\/wp-json\/wp\/v2\/types\/post"}],"author":[{"embeddable":true,"href":"https:\/\/www.idworx-bikes.de\/de\/wp-json\/wp\/v2\/users\/10"}],"replies":[{"embeddable":true,"href":"https:\/\/www.idworx-bikes.de\/de\/wp-json\/wp\/v2\/comments?post=14168"}],"version-history":[{"count":2,"href":"https:\/\/www.idworx-bikes.de\/de\/wp-json\/wp\/v2\/posts\/14168\/revisions"}],"predecessor-version":[{"id":14185,"href":"https:\/\/www.idworx-bikes.de\/de\/wp-json\/wp\/v2\/posts\/14168\/revisions\/14185"}],"wp:featuredmedia":[{"embeddable":true,"href":"https:\/\/www.idworx-bikes.de\/de\/wp-json\/wp\/v2\/media\/12355"}],"wp:attachment":[{"href":"https:\/\/www.idworx-bikes.de\/de\/wp-json\/wp\/v2\/media?parent=14168"}],"wp:term":[{"taxonomy":"category","embeddable":true,"href":"https:\/\/www.idworx-bikes.de\/de\/wp-json\/wp\/v2\/categories?post=14168"},{"taxonomy":"post_tag","embeddable":true,"href":"https:\/\/www.idworx-bikes.de\/de\/wp-json\/wp\/v2\/tags?post=14168"}],"curies":[{"name":"wp","href":"https:\/\/api.w.org\/{rel}","templated":true}]}}