{"id":4111,"date":"2017-03-26T10:48:36","date_gmt":"2017-03-26T08:48:36","guid":{"rendered":"https:\/\/www.idworx-bikes.de\/gerrit-bei-de-geus-in-antwerpen-am-04-05-2017"},"modified":"2017-05-29T18:13:36","modified_gmt":"2017-05-29T16:13:36","slug":"gerrit-bei-de-geus-in-antwerpen-am-04-05-2017","status":"publish","type":"post","link":"https:\/\/www.idworx-bikes.de\/de\/gerrit-bei-de-geus-in-antwerpen-am-04-05-2017","title":{"rendered":"Gerrit bei \u2018De Geus\u2019 in Antwerpen am 04.05.2017"},"content":{"rendered":"<p><span id=\"result_box\" class=\"\" lang=\"de\" tabindex=\"-1\"><span class=\"\">Gerrit<\/span> <span class=\"\">Gaastra<\/span>, <span class=\"\">der Fachmann<\/span> f\u00fcr Stadt- und Reise-Bikes, kommt nach Antwerpen. <span class=\"\">Die Familie<\/span> Gaastra hat in der Vergangenheit die beiden Marken Koga Miyata und Batavus <span class=\"\">aufgebaut.<\/span> Gerrit selbst zielt darauf ab, mit \u201eIdworx\u201c und \u201eGaastra<span class=\"\">\u201c\u00a0<\/span> perfekte Fahrr\u00e4der zu schaffen. Er spricht \u00fcber seine Erfahrung <span class=\"\">in der Fahrradindustrie <\/span> und \u00fcber die Entwicklung seiner eigenen Marken. Gerrit ist offen f\u00fcr <span class=\"\">alle Ihre Fragen<\/span> zu Fahrr\u00e4dern. Eine einmalige Gelegenheit, <span class=\"\">Informationen aus erster Hand<\/span> zu bekommen!<\/span><\/p>\n<p><span class=\"\">Bitte melden Sie sich<\/span> auf <a href=\"mailto:info@fietsendegeus.be\">info@fietsendegeus.be <\/a>an, sind <span class=\"\">die Pl\u00e4tze begrenzt<\/span>.<\/p>\n<p>Mehr Infos<span class=\"\">:<\/span> <a href=\"https:\/\/www.facebook.com\/events\/1873611449524282\/?active_tab=about\" target=\"_blank\" rel=\"noopener noreferrer\">https:\/\/www.facebook.com\/events\/1873611449524282\/?active_tab=about<\/a><\/p>\n","protected":false},"excerpt":{"rendered":"<p>Gerrit Gaastra, der Fachmann f\u00fcr Stadt- und Reise-Bikes, kommt nach Antwerpen. Die Familie Gaastra hat in der Vergangenheit die beiden Marken Koga Miyata und Batavus aufgebaut. Gerrit selbst zielt darauf ab, mit \u201eIdworx\u201c und \u201eGaastra\u201c\u00a0 perfekte Fahrr\u00e4der zu schaffen. Er spricht \u00fcber seine Erfahrung in der Fahrradindustrie und \u00fcber die Entwicklung seiner eigenen Marken. Gerrit [&hellip;]<\/p>\n","protected":false},"author":4,"featured_media":2381,"comment_status":"closed","ping_status":"open","sticky":false,"template":"","format":"standard","meta":{"footnotes":""},"categories":[194],"tags":[],"class_list":["post-4111","post","type-post","status-publish","format-standard","has-post-thumbnail","hentry","category-neuigkeiten"],"yoast_head":"<!-- This site is optimized with the Yoast SEO plugin v27.5 - https:\/\/yoast.com\/product\/yoast-seo-wordpress\/ -->\n<title>Gerrit bei \u2018De Geus\u2019 in Antwerpen am 04.05.2017 - idworx \u2013 Premium Reiser\u00e4der, Trekking Bikes, E-Bikes &amp; Vakantiefietsen<\/title>\n<meta name=\"robots\" content=\"index, follow, max-snippet:-1, max-image-preview:large, max-video-preview:-1\" \/>\n<link rel=\"canonical\" href=\"https:\/\/www.idworx-bikes.de\/de\/gerrit-bei-de-geus-in-antwerpen-am-04-05-2017\" \/>\n<meta property=\"og:locale\" content=\"de_DE\" \/>\n<meta property=\"og:type\" content=\"article\" \/>\n<meta property=\"og:title\" content=\"Gerrit bei \u2018De Geus\u2019 in Antwerpen am 04.05.2017 - idworx \u2013 Premium Reiser\u00e4der, Trekking Bikes, E-Bikes &amp; Vakantiefietsen\" \/>\n<meta property=\"og:description\" content=\"Gerrit Gaastra, der Fachmann f\u00fcr Stadt- und Reise-Bikes, kommt nach Antwerpen. Die Familie Gaastra hat in der Vergangenheit die beiden Marken Koga Miyata und Batavus aufgebaut. Gerrit selbst zielt darauf ab, mit \u201eIdworx\u201c und \u201eGaastra\u201c\u00a0 perfekte Fahrr\u00e4der zu schaffen. Er spricht \u00fcber seine Erfahrung in der Fahrradindustrie und \u00fcber die Entwicklung seiner eigenen Marken. Gerrit [&hellip;]\" \/>\n<meta property=\"og:url\" content=\"https:\/\/www.idworx-bikes.de\/de\/gerrit-bei-de-geus-in-antwerpen-am-04-05-2017\" \/>\n<meta property=\"og:site_name\" content=\"idworx \u2013 Premium Reiser\u00e4der, Trekking Bikes, E-Bikes &amp; Vakantiefietsen\" \/>\n<meta property=\"article:publisher\" content=\"https:\/\/www.facebook.com\/Idworx-202013906499907\/\" \/>\n<meta property=\"article:published_time\" content=\"2017-03-26T08:48:36+00:00\" \/>\n<meta property=\"article:modified_time\" content=\"2017-05-29T16:13:36+00:00\" \/>\n<meta property=\"og:image\" content=\"https:\/\/www.idworx-bikes.de\/wp-content\/uploads\/2016\/11\/Gerrit.jpg\" \/>\n\t<meta property=\"og:image:width\" content=\"300\" \/>\n\t<meta property=\"og:image:height\" content=\"300\" \/>\n\t<meta property=\"og:image:type\" content=\"image\/jpeg\" \/>\n<meta name=\"author\" content=\"idworx\" \/>\n<meta name=\"twitter:label1\" content=\"Verfasst von\" \/>\n\t<meta name=\"twitter:data1\" content=\"idworx\" \/>\n\t<meta name=\"twitter:label2\" content=\"Gesch\u00e4tzte Lesezeit\" \/>\n\t<meta name=\"twitter:data2\" content=\"1\u00a0Minute\" \/>\n<script type=\"application\/ld+json\" class=\"yoast-schema-graph\">{\"@context\":\"https:\\\/\\\/schema.org\",\"@graph\":[{\"@type\":\"Article\",\"@id\":\"https:\\\/\\\/www.idworx-bikes.de\\\/de\\\/gerrit-bei-de-geus-in-antwerpen-am-04-05-2017#article\",\"isPartOf\":{\"@id\":\"https:\\\/\\\/www.idworx-bikes.de\\\/de\\\/gerrit-bei-de-geus-in-antwerpen-am-04-05-2017\"},\"author\":{\"name\":\"idworx\",\"@id\":\"https:\\\/\\\/www.idworx-bikes.de\\\/#\\\/schema\\\/person\\\/735b71851f6ebc7c3ded120d1109b8e1\"},\"headline\":\"Gerrit bei \u2018De Geus\u2019 in Antwerpen am 04.05.2017\",\"datePublished\":\"2017-03-26T08:48:36+00:00\",\"dateModified\":\"2017-05-29T16:13:36+00:00\",\"mainEntityOfPage\":{\"@id\":\"https:\\\/\\\/www.idworx-bikes.de\\\/de\\\/gerrit-bei-de-geus-in-antwerpen-am-04-05-2017\"},\"wordCount\":107,\"publisher\":{\"@id\":\"https:\\\/\\\/www.idworx-bikes.de\\\/#organization\"},\"image\":{\"@id\":\"https:\\\/\\\/www.idworx-bikes.de\\\/de\\\/gerrit-bei-de-geus-in-antwerpen-am-04-05-2017#primaryimage\"},\"thumbnailUrl\":\"https:\\\/\\\/www.idworx-bikes.de\\\/wp-content\\\/uploads\\\/2016\\\/11\\\/Gerrit.jpg\",\"articleSection\":[\"News\"],\"inLanguage\":\"de\"},{\"@type\":\"WebPage\",\"@id\":\"https:\\\/\\\/www.idworx-bikes.de\\\/de\\\/gerrit-bei-de-geus-in-antwerpen-am-04-05-2017\",\"url\":\"https:\\\/\\\/www.idworx-bikes.de\\\/de\\\/gerrit-bei-de-geus-in-antwerpen-am-04-05-2017\",\"name\":\"Gerrit bei \u2018De Geus\u2019 in Antwerpen am 04.05.2017 - idworx \u2013 Premium Reiser\u00e4der, Trekking Bikes, E-Bikes &amp; Vakantiefietsen\",\"isPartOf\":{\"@id\":\"https:\\\/\\\/www.idworx-bikes.de\\\/#website\"},\"primaryImageOfPage\":{\"@id\":\"https:\\\/\\\/www.idworx-bikes.de\\\/de\\\/gerrit-bei-de-geus-in-antwerpen-am-04-05-2017#primaryimage\"},\"image\":{\"@id\":\"https:\\\/\\\/www.idworx-bikes.de\\\/de\\\/gerrit-bei-de-geus-in-antwerpen-am-04-05-2017#primaryimage\"},\"thumbnailUrl\":\"https:\\\/\\\/www.idworx-bikes.de\\\/wp-content\\\/uploads\\\/2016\\\/11\\\/Gerrit.jpg\",\"datePublished\":\"2017-03-26T08:48:36+00:00\",\"dateModified\":\"2017-05-29T16:13:36+00:00\",\"breadcrumb\":{\"@id\":\"https:\\\/\\\/www.idworx-bikes.de\\\/de\\\/gerrit-bei-de-geus-in-antwerpen-am-04-05-2017#breadcrumb\"},\"inLanguage\":\"de\",\"potentialAction\":[{\"@type\":\"ReadAction\",\"target\":[\"https:\\\/\\\/www.idworx-bikes.de\\\/de\\\/gerrit-bei-de-geus-in-antwerpen-am-04-05-2017\"]}]},{\"@type\":\"ImageObject\",\"inLanguage\":\"de\",\"@id\":\"https:\\\/\\\/www.idworx-bikes.de\\\/de\\\/gerrit-bei-de-geus-in-antwerpen-am-04-05-2017#primaryimage\",\"url\":\"https:\\\/\\\/www.idworx-bikes.de\\\/wp-content\\\/uploads\\\/2016\\\/11\\\/Gerrit.jpg\",\"contentUrl\":\"https:\\\/\\\/www.idworx-bikes.de\\\/wp-content\\\/uploads\\\/2016\\\/11\\\/Gerrit.jpg\",\"width\":300,\"height\":300},{\"@type\":\"BreadcrumbList\",\"@id\":\"https:\\\/\\\/www.idworx-bikes.de\\\/de\\\/gerrit-bei-de-geus-in-antwerpen-am-04-05-2017#breadcrumb\",\"itemListElement\":[{\"@type\":\"ListItem\",\"position\":1,\"name\":\"Home\",\"item\":\"https:\\\/\\\/www.idworx-bikes.de\\\/de\"},{\"@type\":\"ListItem\",\"position\":2,\"name\":\"Gerrit bei \u2018De Geus\u2019 in Antwerpen am 04.05.2017\"}]},{\"@type\":\"WebSite\",\"@id\":\"https:\\\/\\\/www.idworx-bikes.de\\\/#website\",\"url\":\"https:\\\/\\\/www.idworx-bikes.de\\\/\",\"name\":\"idworx \u2013 Premium Reiser\u00e4der, Trekking Bikes, E-Bikes &amp; Vakantiefietsen\",\"description\":\"It works! Handgefertigte Bikes f\u00fcr h\u00f6chste Anspr\u00fcche\",\"publisher\":{\"@id\":\"https:\\\/\\\/www.idworx-bikes.de\\\/#organization\"},\"potentialAction\":[{\"@type\":\"SearchAction\",\"target\":{\"@type\":\"EntryPoint\",\"urlTemplate\":\"https:\\\/\\\/www.idworx-bikes.de\\\/?s={search_term_string}\"},\"query-input\":{\"@type\":\"PropertyValueSpecification\",\"valueRequired\":true,\"valueName\":\"search_term_string\"}}],\"inLanguage\":\"de\"},{\"@type\":\"Organization\",\"@id\":\"https:\\\/\\\/www.idworx-bikes.de\\\/#organization\",\"name\":\"idworx\",\"url\":\"https:\\\/\\\/www.idworx-bikes.de\\\/\",\"logo\":{\"@type\":\"ImageObject\",\"inLanguage\":\"de\",\"@id\":\"https:\\\/\\\/www.idworx-bikes.de\\\/#\\\/schema\\\/logo\\\/image\\\/\",\"url\":\"https:\\\/\\\/www.idworx-bikes.de\\\/wp-content\\\/uploads\\\/2015\\\/12\\\/idworx-logo_b.png\",\"contentUrl\":\"https:\\\/\\\/www.idworx-bikes.de\\\/wp-content\\\/uploads\\\/2015\\\/12\\\/idworx-logo_b.png\",\"width\":216,\"height\":69,\"caption\":\"idworx\"},\"image\":{\"@id\":\"https:\\\/\\\/www.idworx-bikes.de\\\/#\\\/schema\\\/logo\\\/image\\\/\"},\"sameAs\":[\"https:\\\/\\\/www.facebook.com\\\/Idworx-202013906499907\\\/\"]},{\"@type\":\"Person\",\"@id\":\"https:\\\/\\\/www.idworx-bikes.de\\\/#\\\/schema\\\/person\\\/735b71851f6ebc7c3ded120d1109b8e1\",\"name\":\"idworx\",\"image\":{\"@type\":\"ImageObject\",\"inLanguage\":\"de\",\"@id\":\"https:\\\/\\\/secure.gravatar.com\\\/avatar\\\/2cf73e8faf7cb5f27095ce644b10b8efec7bd3d57cf32acaecf59ea36e23a2a1?s=96&d=mm&r=g\",\"url\":\"https:\\\/\\\/secure.gravatar.com\\\/avatar\\\/2cf73e8faf7cb5f27095ce644b10b8efec7bd3d57cf32acaecf59ea36e23a2a1?s=96&d=mm&r=g\",\"contentUrl\":\"https:\\\/\\\/secure.gravatar.com\\\/avatar\\\/2cf73e8faf7cb5f27095ce644b10b8efec7bd3d57cf32acaecf59ea36e23a2a1?s=96&d=mm&r=g\",\"caption\":\"idworx\"},\"sameAs\":[\"http:\\\/\\\/jakobmaser.com\"],\"url\":\"https:\\\/\\\/www.idworx-bikes.de\\\/de\\\/author\\\/jakob-maser\"}]}<\/script>\n<!-- \/ Yoast SEO plugin. -->","yoast_head_json":{"title":"Gerrit bei \u2018De Geus\u2019 in Antwerpen am 04.05.2017 - idworx \u2013 Premium Reiser\u00e4der, Trekking Bikes, E-Bikes &amp; Vakantiefietsen","robots":{"index":"index","follow":"follow","max-snippet":"max-snippet:-1","max-image-preview":"max-image-preview:large","max-video-preview":"max-video-preview:-1"},"canonical":"https:\/\/www.idworx-bikes.de\/de\/gerrit-bei-de-geus-in-antwerpen-am-04-05-2017","og_locale":"de_DE","og_type":"article","og_title":"Gerrit bei \u2018De Geus\u2019 in Antwerpen am 04.05.2017 - idworx \u2013 Premium Reiser\u00e4der, Trekking Bikes, E-Bikes &amp; Vakantiefietsen","og_description":"Gerrit Gaastra, der Fachmann f\u00fcr Stadt- und Reise-Bikes, kommt nach Antwerpen. Die Familie Gaastra hat in der Vergangenheit die beiden Marken Koga Miyata und Batavus aufgebaut. Gerrit selbst zielt darauf ab, mit \u201eIdworx\u201c und \u201eGaastra\u201c\u00a0 perfekte Fahrr\u00e4der zu schaffen. Er spricht \u00fcber seine Erfahrung in der Fahrradindustrie und \u00fcber die Entwicklung seiner eigenen Marken. Gerrit [&hellip;]","og_url":"https:\/\/www.idworx-bikes.de\/de\/gerrit-bei-de-geus-in-antwerpen-am-04-05-2017","og_site_name":"idworx \u2013 Premium Reiser\u00e4der, Trekking Bikes, E-Bikes &amp; Vakantiefietsen","article_publisher":"https:\/\/www.facebook.com\/Idworx-202013906499907\/","article_published_time":"2017-03-26T08:48:36+00:00","article_modified_time":"2017-05-29T16:13:36+00:00","og_image":[{"width":300,"height":300,"url":"https:\/\/www.idworx-bikes.de\/wp-content\/uploads\/2016\/11\/Gerrit.jpg","type":"image\/jpeg"}],"author":"idworx","twitter_misc":{"Verfasst von":"idworx","Gesch\u00e4tzte Lesezeit":"1\u00a0Minute"},"schema":{"@context":"https:\/\/schema.org","@graph":[{"@type":"Article","@id":"https:\/\/www.idworx-bikes.de\/de\/gerrit-bei-de-geus-in-antwerpen-am-04-05-2017#article","isPartOf":{"@id":"https:\/\/www.idworx-bikes.de\/de\/gerrit-bei-de-geus-in-antwerpen-am-04-05-2017"},"author":{"name":"idworx","@id":"https:\/\/www.idworx-bikes.de\/#\/schema\/person\/735b71851f6ebc7c3ded120d1109b8e1"},"headline":"Gerrit bei \u2018De Geus\u2019 in Antwerpen am 04.05.2017","datePublished":"2017-03-26T08:48:36+00:00","dateModified":"2017-05-29T16:13:36+00:00","mainEntityOfPage":{"@id":"https:\/\/www.idworx-bikes.de\/de\/gerrit-bei-de-geus-in-antwerpen-am-04-05-2017"},"wordCount":107,"publisher":{"@id":"https:\/\/www.idworx-bikes.de\/#organization"},"image":{"@id":"https:\/\/www.idworx-bikes.de\/de\/gerrit-bei-de-geus-in-antwerpen-am-04-05-2017#primaryimage"},"thumbnailUrl":"https:\/\/www.idworx-bikes.de\/wp-content\/uploads\/2016\/11\/Gerrit.jpg","articleSection":["News"],"inLanguage":"de"},{"@type":"WebPage","@id":"https:\/\/www.idworx-bikes.de\/de\/gerrit-bei-de-geus-in-antwerpen-am-04-05-2017","url":"https:\/\/www.idworx-bikes.de\/de\/gerrit-bei-de-geus-in-antwerpen-am-04-05-2017","name":"Gerrit bei \u2018De Geus\u2019 in Antwerpen am 04.05.2017 - idworx \u2013 Premium Reiser\u00e4der, Trekking Bikes, E-Bikes &amp; Vakantiefietsen","isPartOf":{"@id":"https:\/\/www.idworx-bikes.de\/#website"},"primaryImageOfPage":{"@id":"https:\/\/www.idworx-bikes.de\/de\/gerrit-bei-de-geus-in-antwerpen-am-04-05-2017#primaryimage"},"image":{"@id":"https:\/\/www.idworx-bikes.de\/de\/gerrit-bei-de-geus-in-antwerpen-am-04-05-2017#primaryimage"},"thumbnailUrl":"https:\/\/www.idworx-bikes.de\/wp-content\/uploads\/2016\/11\/Gerrit.jpg","datePublished":"2017-03-26T08:48:36+00:00","dateModified":"2017-05-29T16:13:36+00:00","breadcrumb":{"@id":"https:\/\/www.idworx-bikes.de\/de\/gerrit-bei-de-geus-in-antwerpen-am-04-05-2017#breadcrumb"},"inLanguage":"de","potentialAction":[{"@type":"ReadAction","target":["https:\/\/www.idworx-bikes.de\/de\/gerrit-bei-de-geus-in-antwerpen-am-04-05-2017"]}]},{"@type":"ImageObject","inLanguage":"de","@id":"https:\/\/www.idworx-bikes.de\/de\/gerrit-bei-de-geus-in-antwerpen-am-04-05-2017#primaryimage","url":"https:\/\/www.idworx-bikes.de\/wp-content\/uploads\/2016\/11\/Gerrit.jpg","contentUrl":"https:\/\/www.idworx-bikes.de\/wp-content\/uploads\/2016\/11\/Gerrit.jpg","width":300,"height":300},{"@type":"BreadcrumbList","@id":"https:\/\/www.idworx-bikes.de\/de\/gerrit-bei-de-geus-in-antwerpen-am-04-05-2017#breadcrumb","itemListElement":[{"@type":"ListItem","position":1,"name":"Home","item":"https:\/\/www.idworx-bikes.de\/de"},{"@type":"ListItem","position":2,"name":"Gerrit bei \u2018De Geus\u2019 in Antwerpen am 04.05.2017"}]},{"@type":"WebSite","@id":"https:\/\/www.idworx-bikes.de\/#website","url":"https:\/\/www.idworx-bikes.de\/","name":"idworx \u2013 Premium Reiser\u00e4der, Trekking Bikes, E-Bikes &amp; Vakantiefietsen","description":"It works! Handgefertigte Bikes f\u00fcr h\u00f6chste Anspr\u00fcche","publisher":{"@id":"https:\/\/www.idworx-bikes.de\/#organization"},"potentialAction":[{"@type":"SearchAction","target":{"@type":"EntryPoint","urlTemplate":"https:\/\/www.idworx-bikes.de\/?s={search_term_string}"},"query-input":{"@type":"PropertyValueSpecification","valueRequired":true,"valueName":"search_term_string"}}],"inLanguage":"de"},{"@type":"Organization","@id":"https:\/\/www.idworx-bikes.de\/#organization","name":"idworx","url":"https:\/\/www.idworx-bikes.de\/","logo":{"@type":"ImageObject","inLanguage":"de","@id":"https:\/\/www.idworx-bikes.de\/#\/schema\/logo\/image\/","url":"https:\/\/www.idworx-bikes.de\/wp-content\/uploads\/2015\/12\/idworx-logo_b.png","contentUrl":"https:\/\/www.idworx-bikes.de\/wp-content\/uploads\/2015\/12\/idworx-logo_b.png","width":216,"height":69,"caption":"idworx"},"image":{"@id":"https:\/\/www.idworx-bikes.de\/#\/schema\/logo\/image\/"},"sameAs":["https:\/\/www.facebook.com\/Idworx-202013906499907\/"]},{"@type":"Person","@id":"https:\/\/www.idworx-bikes.de\/#\/schema\/person\/735b71851f6ebc7c3ded120d1109b8e1","name":"idworx","image":{"@type":"ImageObject","inLanguage":"de","@id":"https:\/\/secure.gravatar.com\/avatar\/2cf73e8faf7cb5f27095ce644b10b8efec7bd3d57cf32acaecf59ea36e23a2a1?s=96&d=mm&r=g","url":"https:\/\/secure.gravatar.com\/avatar\/2cf73e8faf7cb5f27095ce644b10b8efec7bd3d57cf32acaecf59ea36e23a2a1?s=96&d=mm&r=g","contentUrl":"https:\/\/secure.gravatar.com\/avatar\/2cf73e8faf7cb5f27095ce644b10b8efec7bd3d57cf32acaecf59ea36e23a2a1?s=96&d=mm&r=g","caption":"idworx"},"sameAs":["http:\/\/jakobmaser.com"],"url":"https:\/\/www.idworx-bikes.de\/de\/author\/jakob-maser"}]}},"_links":{"self":[{"href":"https:\/\/www.idworx-bikes.de\/de\/wp-json\/wp\/v2\/posts\/4111","targetHints":{"allow":["GET"]}}],"collection":[{"href":"https:\/\/www.idworx-bikes.de\/de\/wp-json\/wp\/v2\/posts"}],"about":[{"href":"https:\/\/www.idworx-bikes.de\/de\/wp-json\/wp\/v2\/types\/post"}],"author":[{"embeddable":true,"href":"https:\/\/www.idworx-bikes.de\/de\/wp-json\/wp\/v2\/users\/4"}],"replies":[{"embeddable":true,"href":"https:\/\/www.idworx-bikes.de\/de\/wp-json\/wp\/v2\/comments?post=4111"}],"version-history":[{"count":3,"href":"https:\/\/www.idworx-bikes.de\/de\/wp-json\/wp\/v2\/posts\/4111\/revisions"}],"predecessor-version":[{"id":4235,"href":"https:\/\/www.idworx-bikes.de\/de\/wp-json\/wp\/v2\/posts\/4111\/revisions\/4235"}],"wp:featuredmedia":[{"embeddable":true,"href":"https:\/\/www.idworx-bikes.de\/de\/wp-json\/wp\/v2\/media\/2381"}],"wp:attachment":[{"href":"https:\/\/www.idworx-bikes.de\/de\/wp-json\/wp\/v2\/media?parent=4111"}],"wp:term":[{"taxonomy":"category","embeddable":true,"href":"https:\/\/www.idworx-bikes.de\/de\/wp-json\/wp\/v2\/categories?post=4111"},{"taxonomy":"post_tag","embeddable":true,"href":"https:\/\/www.idworx-bikes.de\/de\/wp-json\/wp\/v2\/tags?post=4111"}],"curies":[{"name":"wp","href":"https:\/\/api.w.org\/{rel}","templated":true}]}}