{"id":4336,"date":"2017-06-01T16:14:15","date_gmt":"2017-06-01T14:14:15","guid":{"rendered":"https:\/\/www.idworx-bikes.de\/?p=4336"},"modified":"2017-07-04T21:47:50","modified_gmt":"2017-07-04T19:47:50","slug":"gerrit-in-muenster-bei-pues-fahrraeder","status":"publish","type":"post","link":"https:\/\/www.idworx-bikes.de\/de\/gerrit-in-muenster-bei-pues-fahrraeder","title":{"rendered":"Gerrit in M\u00fcnster am 28.06.2017 bei Pues Fahrr\u00e4der"},"content":{"rendered":"<p><img loading=\"lazy\" decoding=\"async\" class=\"size-full wp-image-4337 aligncenter\" src=\"https:\/\/www.idworx-bikes.de\/wp-content\/uploads\/2017\/06\/ein-abend-mit-gerrit-gaastra.jpg\" alt=\"\" width=\"595\" height=\"842\" srcset=\"https:\/\/www.idworx-bikes.de\/wp-content\/uploads\/2017\/06\/ein-abend-mit-gerrit-gaastra.jpg 595w, https:\/\/www.idworx-bikes.de\/wp-content\/uploads\/2017\/06\/ein-abend-mit-gerrit-gaastra-212x300.jpg 212w, https:\/\/www.idworx-bikes.de\/wp-content\/uploads\/2017\/06\/ein-abend-mit-gerrit-gaastra-324x459.jpg 324w, https:\/\/www.idworx-bikes.de\/wp-content\/uploads\/2017\/06\/ein-abend-mit-gerrit-gaastra-416x589.jpg 416w\" sizes=\"auto, (max-width: 595px) 100vw, 595px\" \/><\/p>\n<p>Am 28. Juni 2017 ist Gerrit zu Gast bei Pues Fahrr\u00e4der in M\u00fcnster und stellt doch die Neuheiten und Besonderheiten seiner Marken idworx und Gaastra pers\u00f6nlich vor.<\/p>\n<p><a href=\"mailto:info@pues-fahrraeder.de\">Bitte melden Sie sich hier an<\/a><\/p>\n","protected":false},"excerpt":{"rendered":"<p>Am 28. Juni 2017 ist Gerrit zu Gast bei Pues Fahrr\u00e4der in M\u00fcnster und stellt doch die Neuheiten und Besonderheiten seiner Marken idworx und Gaastra pers\u00f6nlich vor. Bitte melden Sie sich hier an<\/p>\n","protected":false},"author":4,"featured_media":4340,"comment_status":"closed","ping_status":"open","sticky":false,"template":"","format":"standard","meta":{"footnotes":""},"categories":[194],"tags":[],"class_list":["post-4336","post","type-post","status-publish","format-standard","has-post-thumbnail","hentry","category-neuigkeiten"],"yoast_head":"<!-- This site is optimized with the Yoast SEO plugin v27.5 - https:\/\/yoast.com\/product\/yoast-seo-wordpress\/ -->\n<title>Gerrit in M\u00fcnster am 28.06.2017 bei Pues Fahrr\u00e4der - idworx \u2013 Premium Reiser\u00e4der, Trekking Bikes, E-Bikes &amp; Vakantiefietsen<\/title>\n<meta name=\"robots\" content=\"index, follow, max-snippet:-1, max-image-preview:large, max-video-preview:-1\" \/>\n<link rel=\"canonical\" href=\"https:\/\/www.idworx-bikes.de\/de\/gerrit-in-muenster-bei-pues-fahrraeder\" \/>\n<meta property=\"og:locale\" content=\"de_DE\" \/>\n<meta property=\"og:type\" content=\"article\" \/>\n<meta property=\"og:title\" content=\"Gerrit in M\u00fcnster am 28.06.2017 bei Pues Fahrr\u00e4der - idworx \u2013 Premium Reiser\u00e4der, Trekking Bikes, E-Bikes &amp; Vakantiefietsen\" \/>\n<meta property=\"og:description\" content=\"Am 28. Juni 2017 ist Gerrit zu Gast bei Pues Fahrr\u00e4der in M\u00fcnster und stellt doch die Neuheiten und Besonderheiten seiner Marken idworx und Gaastra pers\u00f6nlich vor. Bitte melden Sie sich hier an\" \/>\n<meta property=\"og:url\" content=\"https:\/\/www.idworx-bikes.de\/de\/gerrit-in-muenster-bei-pues-fahrraeder\" \/>\n<meta property=\"og:site_name\" content=\"idworx \u2013 Premium Reiser\u00e4der, Trekking Bikes, E-Bikes &amp; Vakantiefietsen\" \/>\n<meta property=\"article:publisher\" content=\"https:\/\/www.facebook.com\/Idworx-202013906499907\/\" \/>\n<meta property=\"article:published_time\" content=\"2017-06-01T14:14:15+00:00\" \/>\n<meta property=\"article:modified_time\" content=\"2017-07-04T19:47:50+00:00\" \/>\n<meta property=\"og:image\" content=\"https:\/\/www.idworx-bikes.de\/wp-content\/uploads\/2017\/06\/pues-logo.jpg\" \/>\n\t<meta property=\"og:image:width\" content=\"500\" \/>\n\t<meta property=\"og:image:height\" content=\"500\" \/>\n\t<meta property=\"og:image:type\" content=\"image\/jpeg\" \/>\n<meta name=\"author\" content=\"idworx\" \/>\n<meta name=\"twitter:label1\" content=\"Verfasst von\" \/>\n\t<meta name=\"twitter:data1\" content=\"idworx\" \/>\n<script type=\"application\/ld+json\" class=\"yoast-schema-graph\">{\"@context\":\"https:\\\/\\\/schema.org\",\"@graph\":[{\"@type\":\"Article\",\"@id\":\"https:\\\/\\\/www.idworx-bikes.de\\\/de\\\/gerrit-in-muenster-bei-pues-fahrraeder#article\",\"isPartOf\":{\"@id\":\"https:\\\/\\\/www.idworx-bikes.de\\\/de\\\/gerrit-in-muenster-bei-pues-fahrraeder\"},\"author\":{\"name\":\"idworx\",\"@id\":\"https:\\\/\\\/www.idworx-bikes.de\\\/#\\\/schema\\\/person\\\/735b71851f6ebc7c3ded120d1109b8e1\"},\"headline\":\"Gerrit in M\u00fcnster am 28.06.2017 bei Pues Fahrr\u00e4der\",\"datePublished\":\"2017-06-01T14:14:15+00:00\",\"dateModified\":\"2017-07-04T19:47:50+00:00\",\"mainEntityOfPage\":{\"@id\":\"https:\\\/\\\/www.idworx-bikes.de\\\/de\\\/gerrit-in-muenster-bei-pues-fahrraeder\"},\"wordCount\":43,\"publisher\":{\"@id\":\"https:\\\/\\\/www.idworx-bikes.de\\\/#organization\"},\"image\":{\"@id\":\"https:\\\/\\\/www.idworx-bikes.de\\\/de\\\/gerrit-in-muenster-bei-pues-fahrraeder#primaryimage\"},\"thumbnailUrl\":\"https:\\\/\\\/www.idworx-bikes.de\\\/wp-content\\\/uploads\\\/2017\\\/06\\\/pues-logo.jpg\",\"articleSection\":[\"News\"],\"inLanguage\":\"de\"},{\"@type\":\"WebPage\",\"@id\":\"https:\\\/\\\/www.idworx-bikes.de\\\/de\\\/gerrit-in-muenster-bei-pues-fahrraeder\",\"url\":\"https:\\\/\\\/www.idworx-bikes.de\\\/de\\\/gerrit-in-muenster-bei-pues-fahrraeder\",\"name\":\"Gerrit in M\u00fcnster am 28.06.2017 bei Pues Fahrr\u00e4der - idworx \u2013 Premium Reiser\u00e4der, Trekking Bikes, E-Bikes &amp; Vakantiefietsen\",\"isPartOf\":{\"@id\":\"https:\\\/\\\/www.idworx-bikes.de\\\/#website\"},\"primaryImageOfPage\":{\"@id\":\"https:\\\/\\\/www.idworx-bikes.de\\\/de\\\/gerrit-in-muenster-bei-pues-fahrraeder#primaryimage\"},\"image\":{\"@id\":\"https:\\\/\\\/www.idworx-bikes.de\\\/de\\\/gerrit-in-muenster-bei-pues-fahrraeder#primaryimage\"},\"thumbnailUrl\":\"https:\\\/\\\/www.idworx-bikes.de\\\/wp-content\\\/uploads\\\/2017\\\/06\\\/pues-logo.jpg\",\"datePublished\":\"2017-06-01T14:14:15+00:00\",\"dateModified\":\"2017-07-04T19:47:50+00:00\",\"breadcrumb\":{\"@id\":\"https:\\\/\\\/www.idworx-bikes.de\\\/de\\\/gerrit-in-muenster-bei-pues-fahrraeder#breadcrumb\"},\"inLanguage\":\"de\",\"potentialAction\":[{\"@type\":\"ReadAction\",\"target\":[\"https:\\\/\\\/www.idworx-bikes.de\\\/de\\\/gerrit-in-muenster-bei-pues-fahrraeder\"]}]},{\"@type\":\"ImageObject\",\"inLanguage\":\"de\",\"@id\":\"https:\\\/\\\/www.idworx-bikes.de\\\/de\\\/gerrit-in-muenster-bei-pues-fahrraeder#primaryimage\",\"url\":\"https:\\\/\\\/www.idworx-bikes.de\\\/wp-content\\\/uploads\\\/2017\\\/06\\\/pues-logo.jpg\",\"contentUrl\":\"https:\\\/\\\/www.idworx-bikes.de\\\/wp-content\\\/uploads\\\/2017\\\/06\\\/pues-logo.jpg\",\"width\":500,\"height\":500},{\"@type\":\"BreadcrumbList\",\"@id\":\"https:\\\/\\\/www.idworx-bikes.de\\\/de\\\/gerrit-in-muenster-bei-pues-fahrraeder#breadcrumb\",\"itemListElement\":[{\"@type\":\"ListItem\",\"position\":1,\"name\":\"Home\",\"item\":\"https:\\\/\\\/www.idworx-bikes.de\\\/de\"},{\"@type\":\"ListItem\",\"position\":2,\"name\":\"Gerrit in M\u00fcnster am 28.06.2017 bei Pues Fahrr\u00e4der\"}]},{\"@type\":\"WebSite\",\"@id\":\"https:\\\/\\\/www.idworx-bikes.de\\\/#website\",\"url\":\"https:\\\/\\\/www.idworx-bikes.de\\\/\",\"name\":\"idworx \u2013 Premium Reiser\u00e4der, Trekking Bikes, E-Bikes &amp; Vakantiefietsen\",\"description\":\"It works! Handgefertigte Bikes f\u00fcr h\u00f6chste Anspr\u00fcche\",\"publisher\":{\"@id\":\"https:\\\/\\\/www.idworx-bikes.de\\\/#organization\"},\"potentialAction\":[{\"@type\":\"SearchAction\",\"target\":{\"@type\":\"EntryPoint\",\"urlTemplate\":\"https:\\\/\\\/www.idworx-bikes.de\\\/?s={search_term_string}\"},\"query-input\":{\"@type\":\"PropertyValueSpecification\",\"valueRequired\":true,\"valueName\":\"search_term_string\"}}],\"inLanguage\":\"de\"},{\"@type\":\"Organization\",\"@id\":\"https:\\\/\\\/www.idworx-bikes.de\\\/#organization\",\"name\":\"idworx\",\"url\":\"https:\\\/\\\/www.idworx-bikes.de\\\/\",\"logo\":{\"@type\":\"ImageObject\",\"inLanguage\":\"de\",\"@id\":\"https:\\\/\\\/www.idworx-bikes.de\\\/#\\\/schema\\\/logo\\\/image\\\/\",\"url\":\"https:\\\/\\\/www.idworx-bikes.de\\\/wp-content\\\/uploads\\\/2015\\\/12\\\/idworx-logo_b.png\",\"contentUrl\":\"https:\\\/\\\/www.idworx-bikes.de\\\/wp-content\\\/uploads\\\/2015\\\/12\\\/idworx-logo_b.png\",\"width\":216,\"height\":69,\"caption\":\"idworx\"},\"image\":{\"@id\":\"https:\\\/\\\/www.idworx-bikes.de\\\/#\\\/schema\\\/logo\\\/image\\\/\"},\"sameAs\":[\"https:\\\/\\\/www.facebook.com\\\/Idworx-202013906499907\\\/\"]},{\"@type\":\"Person\",\"@id\":\"https:\\\/\\\/www.idworx-bikes.de\\\/#\\\/schema\\\/person\\\/735b71851f6ebc7c3ded120d1109b8e1\",\"name\":\"idworx\",\"image\":{\"@type\":\"ImageObject\",\"inLanguage\":\"de\",\"@id\":\"https:\\\/\\\/secure.gravatar.com\\\/avatar\\\/2cf73e8faf7cb5f27095ce644b10b8efec7bd3d57cf32acaecf59ea36e23a2a1?s=96&d=mm&r=g\",\"url\":\"https:\\\/\\\/secure.gravatar.com\\\/avatar\\\/2cf73e8faf7cb5f27095ce644b10b8efec7bd3d57cf32acaecf59ea36e23a2a1?s=96&d=mm&r=g\",\"contentUrl\":\"https:\\\/\\\/secure.gravatar.com\\\/avatar\\\/2cf73e8faf7cb5f27095ce644b10b8efec7bd3d57cf32acaecf59ea36e23a2a1?s=96&d=mm&r=g\",\"caption\":\"idworx\"},\"sameAs\":[\"http:\\\/\\\/jakobmaser.com\"],\"url\":\"https:\\\/\\\/www.idworx-bikes.de\\\/de\\\/author\\\/jakob-maser\"}]}<\/script>\n<!-- \/ Yoast SEO plugin. -->","yoast_head_json":{"title":"Gerrit in M\u00fcnster am 28.06.2017 bei Pues Fahrr\u00e4der - idworx \u2013 Premium Reiser\u00e4der, Trekking Bikes, E-Bikes &amp; Vakantiefietsen","robots":{"index":"index","follow":"follow","max-snippet":"max-snippet:-1","max-image-preview":"max-image-preview:large","max-video-preview":"max-video-preview:-1"},"canonical":"https:\/\/www.idworx-bikes.de\/de\/gerrit-in-muenster-bei-pues-fahrraeder","og_locale":"de_DE","og_type":"article","og_title":"Gerrit in M\u00fcnster am 28.06.2017 bei Pues Fahrr\u00e4der - idworx \u2013 Premium Reiser\u00e4der, Trekking Bikes, E-Bikes &amp; Vakantiefietsen","og_description":"Am 28. Juni 2017 ist Gerrit zu Gast bei Pues Fahrr\u00e4der in M\u00fcnster und stellt doch die Neuheiten und Besonderheiten seiner Marken idworx und Gaastra pers\u00f6nlich vor. Bitte melden Sie sich hier an","og_url":"https:\/\/www.idworx-bikes.de\/de\/gerrit-in-muenster-bei-pues-fahrraeder","og_site_name":"idworx \u2013 Premium Reiser\u00e4der, Trekking Bikes, E-Bikes &amp; Vakantiefietsen","article_publisher":"https:\/\/www.facebook.com\/Idworx-202013906499907\/","article_published_time":"2017-06-01T14:14:15+00:00","article_modified_time":"2017-07-04T19:47:50+00:00","og_image":[{"width":500,"height":500,"url":"https:\/\/www.idworx-bikes.de\/wp-content\/uploads\/2017\/06\/pues-logo.jpg","type":"image\/jpeg"}],"author":"idworx","twitter_misc":{"Verfasst von":"idworx"},"schema":{"@context":"https:\/\/schema.org","@graph":[{"@type":"Article","@id":"https:\/\/www.idworx-bikes.de\/de\/gerrit-in-muenster-bei-pues-fahrraeder#article","isPartOf":{"@id":"https:\/\/www.idworx-bikes.de\/de\/gerrit-in-muenster-bei-pues-fahrraeder"},"author":{"name":"idworx","@id":"https:\/\/www.idworx-bikes.de\/#\/schema\/person\/735b71851f6ebc7c3ded120d1109b8e1"},"headline":"Gerrit in M\u00fcnster am 28.06.2017 bei Pues Fahrr\u00e4der","datePublished":"2017-06-01T14:14:15+00:00","dateModified":"2017-07-04T19:47:50+00:00","mainEntityOfPage":{"@id":"https:\/\/www.idworx-bikes.de\/de\/gerrit-in-muenster-bei-pues-fahrraeder"},"wordCount":43,"publisher":{"@id":"https:\/\/www.idworx-bikes.de\/#organization"},"image":{"@id":"https:\/\/www.idworx-bikes.de\/de\/gerrit-in-muenster-bei-pues-fahrraeder#primaryimage"},"thumbnailUrl":"https:\/\/www.idworx-bikes.de\/wp-content\/uploads\/2017\/06\/pues-logo.jpg","articleSection":["News"],"inLanguage":"de"},{"@type":"WebPage","@id":"https:\/\/www.idworx-bikes.de\/de\/gerrit-in-muenster-bei-pues-fahrraeder","url":"https:\/\/www.idworx-bikes.de\/de\/gerrit-in-muenster-bei-pues-fahrraeder","name":"Gerrit in M\u00fcnster am 28.06.2017 bei Pues Fahrr\u00e4der - idworx \u2013 Premium Reiser\u00e4der, Trekking Bikes, E-Bikes &amp; Vakantiefietsen","isPartOf":{"@id":"https:\/\/www.idworx-bikes.de\/#website"},"primaryImageOfPage":{"@id":"https:\/\/www.idworx-bikes.de\/de\/gerrit-in-muenster-bei-pues-fahrraeder#primaryimage"},"image":{"@id":"https:\/\/www.idworx-bikes.de\/de\/gerrit-in-muenster-bei-pues-fahrraeder#primaryimage"},"thumbnailUrl":"https:\/\/www.idworx-bikes.de\/wp-content\/uploads\/2017\/06\/pues-logo.jpg","datePublished":"2017-06-01T14:14:15+00:00","dateModified":"2017-07-04T19:47:50+00:00","breadcrumb":{"@id":"https:\/\/www.idworx-bikes.de\/de\/gerrit-in-muenster-bei-pues-fahrraeder#breadcrumb"},"inLanguage":"de","potentialAction":[{"@type":"ReadAction","target":["https:\/\/www.idworx-bikes.de\/de\/gerrit-in-muenster-bei-pues-fahrraeder"]}]},{"@type":"ImageObject","inLanguage":"de","@id":"https:\/\/www.idworx-bikes.de\/de\/gerrit-in-muenster-bei-pues-fahrraeder#primaryimage","url":"https:\/\/www.idworx-bikes.de\/wp-content\/uploads\/2017\/06\/pues-logo.jpg","contentUrl":"https:\/\/www.idworx-bikes.de\/wp-content\/uploads\/2017\/06\/pues-logo.jpg","width":500,"height":500},{"@type":"BreadcrumbList","@id":"https:\/\/www.idworx-bikes.de\/de\/gerrit-in-muenster-bei-pues-fahrraeder#breadcrumb","itemListElement":[{"@type":"ListItem","position":1,"name":"Home","item":"https:\/\/www.idworx-bikes.de\/de"},{"@type":"ListItem","position":2,"name":"Gerrit in M\u00fcnster am 28.06.2017 bei Pues Fahrr\u00e4der"}]},{"@type":"WebSite","@id":"https:\/\/www.idworx-bikes.de\/#website","url":"https:\/\/www.idworx-bikes.de\/","name":"idworx \u2013 Premium Reiser\u00e4der, Trekking Bikes, E-Bikes &amp; Vakantiefietsen","description":"It works! Handgefertigte Bikes f\u00fcr h\u00f6chste Anspr\u00fcche","publisher":{"@id":"https:\/\/www.idworx-bikes.de\/#organization"},"potentialAction":[{"@type":"SearchAction","target":{"@type":"EntryPoint","urlTemplate":"https:\/\/www.idworx-bikes.de\/?s={search_term_string}"},"query-input":{"@type":"PropertyValueSpecification","valueRequired":true,"valueName":"search_term_string"}}],"inLanguage":"de"},{"@type":"Organization","@id":"https:\/\/www.idworx-bikes.de\/#organization","name":"idworx","url":"https:\/\/www.idworx-bikes.de\/","logo":{"@type":"ImageObject","inLanguage":"de","@id":"https:\/\/www.idworx-bikes.de\/#\/schema\/logo\/image\/","url":"https:\/\/www.idworx-bikes.de\/wp-content\/uploads\/2015\/12\/idworx-logo_b.png","contentUrl":"https:\/\/www.idworx-bikes.de\/wp-content\/uploads\/2015\/12\/idworx-logo_b.png","width":216,"height":69,"caption":"idworx"},"image":{"@id":"https:\/\/www.idworx-bikes.de\/#\/schema\/logo\/image\/"},"sameAs":["https:\/\/www.facebook.com\/Idworx-202013906499907\/"]},{"@type":"Person","@id":"https:\/\/www.idworx-bikes.de\/#\/schema\/person\/735b71851f6ebc7c3ded120d1109b8e1","name":"idworx","image":{"@type":"ImageObject","inLanguage":"de","@id":"https:\/\/secure.gravatar.com\/avatar\/2cf73e8faf7cb5f27095ce644b10b8efec7bd3d57cf32acaecf59ea36e23a2a1?s=96&d=mm&r=g","url":"https:\/\/secure.gravatar.com\/avatar\/2cf73e8faf7cb5f27095ce644b10b8efec7bd3d57cf32acaecf59ea36e23a2a1?s=96&d=mm&r=g","contentUrl":"https:\/\/secure.gravatar.com\/avatar\/2cf73e8faf7cb5f27095ce644b10b8efec7bd3d57cf32acaecf59ea36e23a2a1?s=96&d=mm&r=g","caption":"idworx"},"sameAs":["http:\/\/jakobmaser.com"],"url":"https:\/\/www.idworx-bikes.de\/de\/author\/jakob-maser"}]}},"_links":{"self":[{"href":"https:\/\/www.idworx-bikes.de\/de\/wp-json\/wp\/v2\/posts\/4336","targetHints":{"allow":["GET"]}}],"collection":[{"href":"https:\/\/www.idworx-bikes.de\/de\/wp-json\/wp\/v2\/posts"}],"about":[{"href":"https:\/\/www.idworx-bikes.de\/de\/wp-json\/wp\/v2\/types\/post"}],"author":[{"embeddable":true,"href":"https:\/\/www.idworx-bikes.de\/de\/wp-json\/wp\/v2\/users\/4"}],"replies":[{"embeddable":true,"href":"https:\/\/www.idworx-bikes.de\/de\/wp-json\/wp\/v2\/comments?post=4336"}],"version-history":[{"count":3,"href":"https:\/\/www.idworx-bikes.de\/de\/wp-json\/wp\/v2\/posts\/4336\/revisions"}],"predecessor-version":[{"id":4345,"href":"https:\/\/www.idworx-bikes.de\/de\/wp-json\/wp\/v2\/posts\/4336\/revisions\/4345"}],"wp:featuredmedia":[{"embeddable":true,"href":"https:\/\/www.idworx-bikes.de\/de\/wp-json\/wp\/v2\/media\/4340"}],"wp:attachment":[{"href":"https:\/\/www.idworx-bikes.de\/de\/wp-json\/wp\/v2\/media?parent=4336"}],"wp:term":[{"taxonomy":"category","embeddable":true,"href":"https:\/\/www.idworx-bikes.de\/de\/wp-json\/wp\/v2\/categories?post=4336"},{"taxonomy":"post_tag","embeddable":true,"href":"https:\/\/www.idworx-bikes.de\/de\/wp-json\/wp\/v2\/tags?post=4336"}],"curies":[{"name":"wp","href":"https:\/\/api.w.org\/{rel}","templated":true}]}}