{"id":10384,"date":"2022-03-23T15:32:08","date_gmt":"2022-03-23T14:32:08","guid":{"rendered":"https:\/\/www.idworx-bikes.de\/info-tech-talk-een-avond-met-gerrit-gaastra-de-vakantiefietser-2"},"modified":"2025-02-05T11:37:28","modified_gmt":"2025-02-05T10:37:28","slug":"info-tech-talk-een-avond-met-gerrit-gaastra-de-vakantiefietser-2","status":"publish","type":"post","link":"https:\/\/www.idworx-bikes.de\/nl\/info-tech-talk-een-avond-met-gerrit-gaastra-de-vakantiefietser-2","title":{"rendered":"Info &#038; Tech Talk &#8211; Een avond met Gerrit Gaastra &#8211; De Vakantiefietser"},"content":{"rendered":"<p>Op dinsdag 3 mei gaat Gerrit naar &#8216;De Vakantiefietser&#8217; in Amsterdam. De familie van Gerrit is al lang betrokken bij de fietsindustrie. Zijn grootvader is de oprichter van Batavus, zijn ouders hebben Koga Miyata opgericht en Gerrit heeft zelf twee gerespecteerde fietsmerken gecre\u00eberd: idworx en Gaastra. Gerrit zal zijn ervaringen in de fietsindustrie delen en zijn filosofie en de details van zijn fietsen toelichten.<br \/>\nPlaatsen zijn beperkt.<br \/>\n<a href=\"https:\/\/www.vakantiefietser.nl\/product\/idworx-avond-gerrit-gaastra-3-mei\/\" target=\"_blank\" rel=\"noopener noreferrer\">https:\/\/www.vakantiefietser.nl<\/a><\/p>\n<p>&nbsp;<\/p>\n","protected":false},"excerpt":{"rendered":"<p>Op dinsdag 3 mei gaat Gerrit naar &#8216;De Vakantiefietser&#8217; in Amsterdam. De familie van Gerrit is al lang betrokken bij de fietsindustrie. Zijn grootvader is de oprichter van Batavus, zijn ouders hebben Koga Miyata opgericht en Gerrit heeft zelf twee gerespecteerde fietsmerken gecre\u00eberd: idworx en Gaastra. Gerrit zal zijn ervaringen in de fietsindustrie delen en [&hellip;]<\/p>\n","protected":false},"author":10,"featured_media":10178,"comment_status":"closed","ping_status":"closed","sticky":false,"template":"","format":"standard","meta":{"footnotes":""},"categories":[193,185],"tags":[],"class_list":["post-10384","post","type-post","status-publish","format-standard","has-post-thumbnail","hentry","category-nieuws","category-top-nieuws"],"yoast_head":"<!-- This site is optimized with the Yoast SEO plugin v27.5 - https:\/\/yoast.com\/product\/yoast-seo-wordpress\/ -->\n<title>Info &amp; Tech Talk - Een avond met Gerrit Gaastra - De Vakantiefietser - idworx \u2013 Premium Reiser\u00e4der, Trekking Bikes, E-Bikes &amp; Vakantiefietsen<\/title>\n<meta name=\"robots\" content=\"index, follow, max-snippet:-1, max-image-preview:large, max-video-preview:-1\" \/>\n<link rel=\"canonical\" href=\"https:\/\/www.idworx-bikes.de\/nl\/info-tech-talk-een-avond-met-gerrit-gaastra-de-vakantiefietser-2\" \/>\n<meta property=\"og:locale\" content=\"nl_NL\" \/>\n<meta property=\"og:type\" content=\"article\" \/>\n<meta property=\"og:title\" content=\"Info &amp; Tech Talk - Een avond met Gerrit Gaastra - De Vakantiefietser - idworx \u2013 Premium Reiser\u00e4der, Trekking Bikes, E-Bikes &amp; Vakantiefietsen\" \/>\n<meta property=\"og:description\" content=\"Op dinsdag 3 mei gaat Gerrit naar &#8216;De Vakantiefietser&#8217; in Amsterdam. De familie van Gerrit is al lang betrokken bij de fietsindustrie. Zijn grootvader is de oprichter van Batavus, zijn ouders hebben Koga Miyata opgericht en Gerrit heeft zelf twee gerespecteerde fietsmerken gecre\u00eberd: idworx en Gaastra. Gerrit zal zijn ervaringen in de fietsindustrie delen en [&hellip;]\" \/>\n<meta property=\"og:url\" content=\"https:\/\/www.idworx-bikes.de\/nl\/info-tech-talk-een-avond-met-gerrit-gaastra-de-vakantiefietser-2\" \/>\n<meta property=\"og:site_name\" content=\"idworx \u2013 Premium Reiser\u00e4der, Trekking Bikes, E-Bikes &amp; Vakantiefietsen\" \/>\n<meta property=\"article:publisher\" content=\"https:\/\/www.facebook.com\/Idworx-202013906499907\/\" \/>\n<meta property=\"article:published_time\" content=\"2022-03-23T14:32:08+00:00\" \/>\n<meta property=\"article:modified_time\" content=\"2025-02-05T10:37:28+00:00\" \/>\n<meta property=\"og:image\" content=\"https:\/\/www.idworx-bikes.de\/wp-content\/uploads\/2022\/02\/272981133_308374414654173_4475136316777912284_n.jpg\" \/>\n\t<meta property=\"og:image:width\" content=\"2048\" \/>\n\t<meta property=\"og:image:height\" content=\"1379\" \/>\n\t<meta property=\"og:image:type\" content=\"image\/jpeg\" \/>\n<meta name=\"author\" content=\"Jana Kalbertodt\" \/>\n<meta name=\"twitter:label1\" content=\"Geschreven door\" \/>\n\t<meta name=\"twitter:data1\" content=\"Jana Kalbertodt\" \/>\n<script type=\"application\/ld+json\" class=\"yoast-schema-graph\">{\"@context\":\"https:\\\/\\\/schema.org\",\"@graph\":[{\"@type\":\"Article\",\"@id\":\"https:\\\/\\\/www.idworx-bikes.de\\\/nl\\\/info-tech-talk-een-avond-met-gerrit-gaastra-de-vakantiefietser-2#article\",\"isPartOf\":{\"@id\":\"https:\\\/\\\/www.idworx-bikes.de\\\/nl\\\/info-tech-talk-een-avond-met-gerrit-gaastra-de-vakantiefietser-2\"},\"author\":{\"name\":\"Jana Kalbertodt\",\"@id\":\"https:\\\/\\\/www.idworx-bikes.de\\\/#\\\/schema\\\/person\\\/761c91dd3c2ad1aecafcb3aea81ae1f2\"},\"headline\":\"Info &#038; Tech Talk &#8211; Een avond met Gerrit Gaastra &#8211; De Vakantiefietser\",\"datePublished\":\"2022-03-23T14:32:08+00:00\",\"dateModified\":\"2025-02-05T10:37:28+00:00\",\"mainEntityOfPage\":{\"@id\":\"https:\\\/\\\/www.idworx-bikes.de\\\/nl\\\/info-tech-talk-een-avond-met-gerrit-gaastra-de-vakantiefietser-2\"},\"wordCount\":84,\"publisher\":{\"@id\":\"https:\\\/\\\/www.idworx-bikes.de\\\/#organization\"},\"image\":{\"@id\":\"https:\\\/\\\/www.idworx-bikes.de\\\/nl\\\/info-tech-talk-een-avond-met-gerrit-gaastra-de-vakantiefietser-2#primaryimage\"},\"thumbnailUrl\":\"https:\\\/\\\/www.idworx-bikes.de\\\/wp-content\\\/uploads\\\/2022\\\/02\\\/272981133_308374414654173_4475136316777912284_n.jpg\",\"articleSection\":[\"Nieuws\",\"Top-Nieuws\"],\"inLanguage\":\"nl-NL\"},{\"@type\":\"WebPage\",\"@id\":\"https:\\\/\\\/www.idworx-bikes.de\\\/nl\\\/info-tech-talk-een-avond-met-gerrit-gaastra-de-vakantiefietser-2\",\"url\":\"https:\\\/\\\/www.idworx-bikes.de\\\/nl\\\/info-tech-talk-een-avond-met-gerrit-gaastra-de-vakantiefietser-2\",\"name\":\"Info & Tech Talk - Een avond met Gerrit Gaastra - De Vakantiefietser - idworx \u2013 Premium Reiser\u00e4der, Trekking Bikes, E-Bikes &amp; Vakantiefietsen\",\"isPartOf\":{\"@id\":\"https:\\\/\\\/www.idworx-bikes.de\\\/#website\"},\"primaryImageOfPage\":{\"@id\":\"https:\\\/\\\/www.idworx-bikes.de\\\/nl\\\/info-tech-talk-een-avond-met-gerrit-gaastra-de-vakantiefietser-2#primaryimage\"},\"image\":{\"@id\":\"https:\\\/\\\/www.idworx-bikes.de\\\/nl\\\/info-tech-talk-een-avond-met-gerrit-gaastra-de-vakantiefietser-2#primaryimage\"},\"thumbnailUrl\":\"https:\\\/\\\/www.idworx-bikes.de\\\/wp-content\\\/uploads\\\/2022\\\/02\\\/272981133_308374414654173_4475136316777912284_n.jpg\",\"datePublished\":\"2022-03-23T14:32:08+00:00\",\"dateModified\":\"2025-02-05T10:37:28+00:00\",\"breadcrumb\":{\"@id\":\"https:\\\/\\\/www.idworx-bikes.de\\\/nl\\\/info-tech-talk-een-avond-met-gerrit-gaastra-de-vakantiefietser-2#breadcrumb\"},\"inLanguage\":\"nl-NL\",\"potentialAction\":[{\"@type\":\"ReadAction\",\"target\":[\"https:\\\/\\\/www.idworx-bikes.de\\\/nl\\\/info-tech-talk-een-avond-met-gerrit-gaastra-de-vakantiefietser-2\"]}]},{\"@type\":\"ImageObject\",\"inLanguage\":\"nl-NL\",\"@id\":\"https:\\\/\\\/www.idworx-bikes.de\\\/nl\\\/info-tech-talk-een-avond-met-gerrit-gaastra-de-vakantiefietser-2#primaryimage\",\"url\":\"https:\\\/\\\/www.idworx-bikes.de\\\/wp-content\\\/uploads\\\/2022\\\/02\\\/272981133_308374414654173_4475136316777912284_n.jpg\",\"contentUrl\":\"https:\\\/\\\/www.idworx-bikes.de\\\/wp-content\\\/uploads\\\/2022\\\/02\\\/272981133_308374414654173_4475136316777912284_n.jpg\",\"width\":2048,\"height\":1379},{\"@type\":\"BreadcrumbList\",\"@id\":\"https:\\\/\\\/www.idworx-bikes.de\\\/nl\\\/info-tech-talk-een-avond-met-gerrit-gaastra-de-vakantiefietser-2#breadcrumb\",\"itemListElement\":[{\"@type\":\"ListItem\",\"position\":1,\"name\":\"Home\",\"item\":\"https:\\\/\\\/www.idworx-bikes.de\\\/nl\"},{\"@type\":\"ListItem\",\"position\":2,\"name\":\"Info &#038; Tech Talk &#8211; Een avond met Gerrit Gaastra &#8211; De Vakantiefietser\"}]},{\"@type\":\"WebSite\",\"@id\":\"https:\\\/\\\/www.idworx-bikes.de\\\/#website\",\"url\":\"https:\\\/\\\/www.idworx-bikes.de\\\/\",\"name\":\"idworx \u2013 Premium Reiser\u00e4der, Trekking Bikes, E-Bikes &amp; Vakantiefietsen\",\"description\":\"It works! Handgefertigte Bikes f\u00fcr h\u00f6chste Anspr\u00fcche\",\"publisher\":{\"@id\":\"https:\\\/\\\/www.idworx-bikes.de\\\/#organization\"},\"potentialAction\":[{\"@type\":\"SearchAction\",\"target\":{\"@type\":\"EntryPoint\",\"urlTemplate\":\"https:\\\/\\\/www.idworx-bikes.de\\\/?s={search_term_string}\"},\"query-input\":{\"@type\":\"PropertyValueSpecification\",\"valueRequired\":true,\"valueName\":\"search_term_string\"}}],\"inLanguage\":\"nl-NL\"},{\"@type\":\"Organization\",\"@id\":\"https:\\\/\\\/www.idworx-bikes.de\\\/#organization\",\"name\":\"idworx\",\"url\":\"https:\\\/\\\/www.idworx-bikes.de\\\/\",\"logo\":{\"@type\":\"ImageObject\",\"inLanguage\":\"nl-NL\",\"@id\":\"https:\\\/\\\/www.idworx-bikes.de\\\/#\\\/schema\\\/logo\\\/image\\\/\",\"url\":\"https:\\\/\\\/www.idworx-bikes.de\\\/wp-content\\\/uploads\\\/2015\\\/12\\\/idworx-logo_b.png\",\"contentUrl\":\"https:\\\/\\\/www.idworx-bikes.de\\\/wp-content\\\/uploads\\\/2015\\\/12\\\/idworx-logo_b.png\",\"width\":216,\"height\":69,\"caption\":\"idworx\"},\"image\":{\"@id\":\"https:\\\/\\\/www.idworx-bikes.de\\\/#\\\/schema\\\/logo\\\/image\\\/\"},\"sameAs\":[\"https:\\\/\\\/www.facebook.com\\\/Idworx-202013906499907\\\/\"]},{\"@type\":\"Person\",\"@id\":\"https:\\\/\\\/www.idworx-bikes.de\\\/#\\\/schema\\\/person\\\/761c91dd3c2ad1aecafcb3aea81ae1f2\",\"name\":\"Jana Kalbertodt\",\"image\":{\"@type\":\"ImageObject\",\"inLanguage\":\"nl-NL\",\"@id\":\"https:\\\/\\\/secure.gravatar.com\\\/avatar\\\/7c4bd5bf20bd2fa27c905ba42082dfb4a3c1405ead7c4527b59fd79bff18dc75?s=96&d=mm&r=g\",\"url\":\"https:\\\/\\\/secure.gravatar.com\\\/avatar\\\/7c4bd5bf20bd2fa27c905ba42082dfb4a3c1405ead7c4527b59fd79bff18dc75?s=96&d=mm&r=g\",\"contentUrl\":\"https:\\\/\\\/secure.gravatar.com\\\/avatar\\\/7c4bd5bf20bd2fa27c905ba42082dfb4a3c1405ead7c4527b59fd79bff18dc75?s=96&d=mm&r=g\",\"caption\":\"Jana Kalbertodt\"},\"url\":\"https:\\\/\\\/www.idworx-bikes.de\\\/nl\\\/author\\\/jana\"}]}<\/script>\n<!-- \/ Yoast SEO plugin. -->","yoast_head_json":{"title":"Info & Tech Talk - Een avond met Gerrit Gaastra - De Vakantiefietser - idworx \u2013 Premium Reiser\u00e4der, Trekking Bikes, E-Bikes &amp; Vakantiefietsen","robots":{"index":"index","follow":"follow","max-snippet":"max-snippet:-1","max-image-preview":"max-image-preview:large","max-video-preview":"max-video-preview:-1"},"canonical":"https:\/\/www.idworx-bikes.de\/nl\/info-tech-talk-een-avond-met-gerrit-gaastra-de-vakantiefietser-2","og_locale":"nl_NL","og_type":"article","og_title":"Info & Tech Talk - Een avond met Gerrit Gaastra - De Vakantiefietser - idworx \u2013 Premium Reiser\u00e4der, Trekking Bikes, E-Bikes &amp; Vakantiefietsen","og_description":"Op dinsdag 3 mei gaat Gerrit naar &#8216;De Vakantiefietser&#8217; in Amsterdam. De familie van Gerrit is al lang betrokken bij de fietsindustrie. Zijn grootvader is de oprichter van Batavus, zijn ouders hebben Koga Miyata opgericht en Gerrit heeft zelf twee gerespecteerde fietsmerken gecre\u00eberd: idworx en Gaastra. Gerrit zal zijn ervaringen in de fietsindustrie delen en [&hellip;]","og_url":"https:\/\/www.idworx-bikes.de\/nl\/info-tech-talk-een-avond-met-gerrit-gaastra-de-vakantiefietser-2","og_site_name":"idworx \u2013 Premium Reiser\u00e4der, Trekking Bikes, E-Bikes &amp; Vakantiefietsen","article_publisher":"https:\/\/www.facebook.com\/Idworx-202013906499907\/","article_published_time":"2022-03-23T14:32:08+00:00","article_modified_time":"2025-02-05T10:37:28+00:00","og_image":[{"width":2048,"height":1379,"url":"https:\/\/www.idworx-bikes.de\/wp-content\/uploads\/2022\/02\/272981133_308374414654173_4475136316777912284_n.jpg","type":"image\/jpeg"}],"author":"Jana Kalbertodt","twitter_misc":{"Geschreven door":"Jana Kalbertodt"},"schema":{"@context":"https:\/\/schema.org","@graph":[{"@type":"Article","@id":"https:\/\/www.idworx-bikes.de\/nl\/info-tech-talk-een-avond-met-gerrit-gaastra-de-vakantiefietser-2#article","isPartOf":{"@id":"https:\/\/www.idworx-bikes.de\/nl\/info-tech-talk-een-avond-met-gerrit-gaastra-de-vakantiefietser-2"},"author":{"name":"Jana Kalbertodt","@id":"https:\/\/www.idworx-bikes.de\/#\/schema\/person\/761c91dd3c2ad1aecafcb3aea81ae1f2"},"headline":"Info &#038; Tech Talk &#8211; Een avond met Gerrit Gaastra &#8211; De Vakantiefietser","datePublished":"2022-03-23T14:32:08+00:00","dateModified":"2025-02-05T10:37:28+00:00","mainEntityOfPage":{"@id":"https:\/\/www.idworx-bikes.de\/nl\/info-tech-talk-een-avond-met-gerrit-gaastra-de-vakantiefietser-2"},"wordCount":84,"publisher":{"@id":"https:\/\/www.idworx-bikes.de\/#organization"},"image":{"@id":"https:\/\/www.idworx-bikes.de\/nl\/info-tech-talk-een-avond-met-gerrit-gaastra-de-vakantiefietser-2#primaryimage"},"thumbnailUrl":"https:\/\/www.idworx-bikes.de\/wp-content\/uploads\/2022\/02\/272981133_308374414654173_4475136316777912284_n.jpg","articleSection":["Nieuws","Top-Nieuws"],"inLanguage":"nl-NL"},{"@type":"WebPage","@id":"https:\/\/www.idworx-bikes.de\/nl\/info-tech-talk-een-avond-met-gerrit-gaastra-de-vakantiefietser-2","url":"https:\/\/www.idworx-bikes.de\/nl\/info-tech-talk-een-avond-met-gerrit-gaastra-de-vakantiefietser-2","name":"Info & Tech Talk - Een avond met Gerrit Gaastra - De Vakantiefietser - idworx \u2013 Premium Reiser\u00e4der, Trekking Bikes, E-Bikes &amp; Vakantiefietsen","isPartOf":{"@id":"https:\/\/www.idworx-bikes.de\/#website"},"primaryImageOfPage":{"@id":"https:\/\/www.idworx-bikes.de\/nl\/info-tech-talk-een-avond-met-gerrit-gaastra-de-vakantiefietser-2#primaryimage"},"image":{"@id":"https:\/\/www.idworx-bikes.de\/nl\/info-tech-talk-een-avond-met-gerrit-gaastra-de-vakantiefietser-2#primaryimage"},"thumbnailUrl":"https:\/\/www.idworx-bikes.de\/wp-content\/uploads\/2022\/02\/272981133_308374414654173_4475136316777912284_n.jpg","datePublished":"2022-03-23T14:32:08+00:00","dateModified":"2025-02-05T10:37:28+00:00","breadcrumb":{"@id":"https:\/\/www.idworx-bikes.de\/nl\/info-tech-talk-een-avond-met-gerrit-gaastra-de-vakantiefietser-2#breadcrumb"},"inLanguage":"nl-NL","potentialAction":[{"@type":"ReadAction","target":["https:\/\/www.idworx-bikes.de\/nl\/info-tech-talk-een-avond-met-gerrit-gaastra-de-vakantiefietser-2"]}]},{"@type":"ImageObject","inLanguage":"nl-NL","@id":"https:\/\/www.idworx-bikes.de\/nl\/info-tech-talk-een-avond-met-gerrit-gaastra-de-vakantiefietser-2#primaryimage","url":"https:\/\/www.idworx-bikes.de\/wp-content\/uploads\/2022\/02\/272981133_308374414654173_4475136316777912284_n.jpg","contentUrl":"https:\/\/www.idworx-bikes.de\/wp-content\/uploads\/2022\/02\/272981133_308374414654173_4475136316777912284_n.jpg","width":2048,"height":1379},{"@type":"BreadcrumbList","@id":"https:\/\/www.idworx-bikes.de\/nl\/info-tech-talk-een-avond-met-gerrit-gaastra-de-vakantiefietser-2#breadcrumb","itemListElement":[{"@type":"ListItem","position":1,"name":"Home","item":"https:\/\/www.idworx-bikes.de\/nl"},{"@type":"ListItem","position":2,"name":"Info &#038; Tech Talk &#8211; Een avond met Gerrit Gaastra &#8211; De Vakantiefietser"}]},{"@type":"WebSite","@id":"https:\/\/www.idworx-bikes.de\/#website","url":"https:\/\/www.idworx-bikes.de\/","name":"idworx \u2013 Premium Reiser\u00e4der, Trekking Bikes, E-Bikes &amp; Vakantiefietsen","description":"It works! Handgefertigte Bikes f\u00fcr h\u00f6chste Anspr\u00fcche","publisher":{"@id":"https:\/\/www.idworx-bikes.de\/#organization"},"potentialAction":[{"@type":"SearchAction","target":{"@type":"EntryPoint","urlTemplate":"https:\/\/www.idworx-bikes.de\/?s={search_term_string}"},"query-input":{"@type":"PropertyValueSpecification","valueRequired":true,"valueName":"search_term_string"}}],"inLanguage":"nl-NL"},{"@type":"Organization","@id":"https:\/\/www.idworx-bikes.de\/#organization","name":"idworx","url":"https:\/\/www.idworx-bikes.de\/","logo":{"@type":"ImageObject","inLanguage":"nl-NL","@id":"https:\/\/www.idworx-bikes.de\/#\/schema\/logo\/image\/","url":"https:\/\/www.idworx-bikes.de\/wp-content\/uploads\/2015\/12\/idworx-logo_b.png","contentUrl":"https:\/\/www.idworx-bikes.de\/wp-content\/uploads\/2015\/12\/idworx-logo_b.png","width":216,"height":69,"caption":"idworx"},"image":{"@id":"https:\/\/www.idworx-bikes.de\/#\/schema\/logo\/image\/"},"sameAs":["https:\/\/www.facebook.com\/Idworx-202013906499907\/"]},{"@type":"Person","@id":"https:\/\/www.idworx-bikes.de\/#\/schema\/person\/761c91dd3c2ad1aecafcb3aea81ae1f2","name":"Jana Kalbertodt","image":{"@type":"ImageObject","inLanguage":"nl-NL","@id":"https:\/\/secure.gravatar.com\/avatar\/7c4bd5bf20bd2fa27c905ba42082dfb4a3c1405ead7c4527b59fd79bff18dc75?s=96&d=mm&r=g","url":"https:\/\/secure.gravatar.com\/avatar\/7c4bd5bf20bd2fa27c905ba42082dfb4a3c1405ead7c4527b59fd79bff18dc75?s=96&d=mm&r=g","contentUrl":"https:\/\/secure.gravatar.com\/avatar\/7c4bd5bf20bd2fa27c905ba42082dfb4a3c1405ead7c4527b59fd79bff18dc75?s=96&d=mm&r=g","caption":"Jana Kalbertodt"},"url":"https:\/\/www.idworx-bikes.de\/nl\/author\/jana"}]}},"_links":{"self":[{"href":"https:\/\/www.idworx-bikes.de\/nl\/wp-json\/wp\/v2\/posts\/10384","targetHints":{"allow":["GET"]}}],"collection":[{"href":"https:\/\/www.idworx-bikes.de\/nl\/wp-json\/wp\/v2\/posts"}],"about":[{"href":"https:\/\/www.idworx-bikes.de\/nl\/wp-json\/wp\/v2\/types\/post"}],"author":[{"embeddable":true,"href":"https:\/\/www.idworx-bikes.de\/nl\/wp-json\/wp\/v2\/users\/10"}],"replies":[{"embeddable":true,"href":"https:\/\/www.idworx-bikes.de\/nl\/wp-json\/wp\/v2\/comments?post=10384"}],"version-history":[{"count":3,"href":"https:\/\/www.idworx-bikes.de\/nl\/wp-json\/wp\/v2\/posts\/10384\/revisions"}],"predecessor-version":[{"id":10430,"href":"https:\/\/www.idworx-bikes.de\/nl\/wp-json\/wp\/v2\/posts\/10384\/revisions\/10430"}],"wp:featuredmedia":[{"embeddable":true,"href":"https:\/\/www.idworx-bikes.de\/nl\/wp-json\/wp\/v2\/media\/10178"}],"wp:attachment":[{"href":"https:\/\/www.idworx-bikes.de\/nl\/wp-json\/wp\/v2\/media?parent=10384"}],"wp:term":[{"taxonomy":"category","embeddable":true,"href":"https:\/\/www.idworx-bikes.de\/nl\/wp-json\/wp\/v2\/categories?post=10384"},{"taxonomy":"post_tag","embeddable":true,"href":"https:\/\/www.idworx-bikes.de\/nl\/wp-json\/wp\/v2\/tags?post=10384"}],"curies":[{"name":"wp","href":"https:\/\/api.w.org\/{rel}","templated":true}]}}