{"id":14167,"date":"2026-01-28T10:11:43","date_gmt":"2026-01-28T09:11:43","guid":{"rendered":"https:\/\/www.idworx-bikes.de\/idworx-on-tour-tech-talk-in-belgie-en-nederland-met-gerrit-en-jochem"},"modified":"2026-03-03T15:01:19","modified_gmt":"2026-03-03T14:01:19","slug":"idworx-on-tour-tech-talk-in-belgie-en-nederland-met-gerrit-en-jochem","status":"publish","type":"post","link":"https:\/\/www.idworx-bikes.de\/nl\/idworx-on-tour-tech-talk-in-belgie-en-nederland-met-gerrit-en-jochem","title":{"rendered":"idworx on Tour: Tech Talk in Belgi\u00eb en Nederland met Gerrit en Jochem"},"content":{"rendered":"<p>Op 5 maart 2026 starten Gerrit en Jochem hun Tech Talk Tour tijdens Bike Packing Belgium in Antwerpen. Vooraf aanmelden is gewenst.<\/p>\n<p><a href=\"https:\/\/bikepacking-belgium.webshopapp.com\/lezing-door-gerrit-gaastra-over-idworx-2026.html\" target=\"_blank\" rel=\"noopener noreferrer\">Bike Packing Belgium<\/a><\/p>\n<p>De tweede stop is bij Bongers Bikes in Apeldoorn, Nederland, op 27 maart 2026. Vooraf aanmelden is gewenst.<br \/>\n<a href=\"https:\/\/www.bongersbikes.nl\/idworx-avond-met-gerrit-gaastra\/\" target=\"_blank\" rel=\"noopener noreferrer\">Bongers Bikes<\/a><\/p>\n<p>De afsluiting van de tour vindt plaats op 8 april 2026 bij de Vakantiefietsern in Amsterdam. Meld je hier van tevoren aan.<br \/>\n<a href=\"https:\/\/www.vakantiefietser.nl\/product\/idworx-avond-gerrit-gaastra-8-april\/\" target=\"_blank\" rel=\"noopener noreferrer\">De Vakantiefietser<\/a><\/p>\n","protected":false},"excerpt":{"rendered":"<p>Op 5 maart 2026 starten Gerrit en Jochem hun Tech Talk Tour tijdens Bike Packing Belgium in Antwerpen. Vooraf aanmelden is gewenst. Bike Packing Belgium De tweede stop is bij Bongers Bikes in Apeldoorn, Nederland, op 27 maart 2026. Vooraf aanmelden is gewenst. Bongers Bikes De afsluiting van de tour vindt plaats op 8 april [&hellip;]<\/p>\n","protected":false},"author":10,"featured_media":12354,"comment_status":"closed","ping_status":"closed","sticky":false,"template":"","format":"standard","meta":{"footnotes":""},"categories":[193,185],"tags":[],"class_list":["post-14167","post","type-post","status-publish","format-standard","has-post-thumbnail","hentry","category-nieuws","category-top-nieuws"],"yoast_head":"<!-- This site is optimized with the Yoast SEO plugin v27.5 - https:\/\/yoast.com\/product\/yoast-seo-wordpress\/ -->\n<title>idworx on Tour: Tech Talk in Belgi\u00eb en Nederland met Gerrit en Jochem - idworx \u2013 Premium Reiser\u00e4der, Trekking Bikes, E-Bikes &amp; Vakantiefietsen<\/title>\n<meta name=\"robots\" content=\"index, follow, max-snippet:-1, max-image-preview:large, max-video-preview:-1\" \/>\n<link rel=\"canonical\" href=\"https:\/\/www.idworx-bikes.de\/nl\/idworx-on-tour-tech-talk-in-belgie-en-nederland-met-gerrit-en-jochem\" \/>\n<meta property=\"og:locale\" content=\"nl_NL\" \/>\n<meta property=\"og:type\" content=\"article\" \/>\n<meta property=\"og:title\" content=\"idworx on Tour: Tech Talk in Belgi\u00eb en Nederland met Gerrit en Jochem - idworx \u2013 Premium Reiser\u00e4der, Trekking Bikes, E-Bikes &amp; Vakantiefietsen\" \/>\n<meta property=\"og:description\" content=\"Op 5 maart 2026 starten Gerrit en Jochem hun Tech Talk Tour tijdens Bike Packing Belgium in Antwerpen. Vooraf aanmelden is gewenst. Bike Packing Belgium De tweede stop is bij Bongers Bikes in Apeldoorn, Nederland, op 27 maart 2026. Vooraf aanmelden is gewenst. Bongers Bikes De afsluiting van de tour vindt plaats op 8 april [&hellip;]\" \/>\n<meta property=\"og:url\" content=\"https:\/\/www.idworx-bikes.de\/nl\/idworx-on-tour-tech-talk-in-belgie-en-nederland-met-gerrit-en-jochem\" \/>\n<meta property=\"og:site_name\" content=\"idworx \u2013 Premium Reiser\u00e4der, Trekking Bikes, E-Bikes &amp; Vakantiefietsen\" \/>\n<meta property=\"article:publisher\" content=\"https:\/\/www.facebook.com\/Idworx-202013906499907\/\" \/>\n<meta property=\"article:published_time\" content=\"2026-01-28T09:11:43+00:00\" \/>\n<meta property=\"article:modified_time\" content=\"2026-03-03T14:01:19+00:00\" \/>\n<meta property=\"og:image\" content=\"https:\/\/www.idworx-bikes.de\/wp-content\/uploads\/2024\/02\/DSC_9136-scaled-318de4cc.webp\" \/>\n\t<meta property=\"og:image:width\" content=\"1600\" \/>\n\t<meta property=\"og:image:height\" content=\"2405\" \/>\n\t<meta property=\"og:image:type\" content=\"image\/webp\" \/>\n<meta name=\"author\" content=\"Jana Kalbertodt\" \/>\n<meta name=\"twitter:label1\" content=\"Geschreven door\" \/>\n\t<meta name=\"twitter:data1\" content=\"Jana Kalbertodt\" \/>\n<script type=\"application\/ld+json\" class=\"yoast-schema-graph\">{\"@context\":\"https:\\\/\\\/schema.org\",\"@graph\":[{\"@type\":\"Article\",\"@id\":\"https:\\\/\\\/www.idworx-bikes.de\\\/nl\\\/idworx-on-tour-tech-talk-in-belgie-en-nederland-met-gerrit-en-jochem#article\",\"isPartOf\":{\"@id\":\"https:\\\/\\\/www.idworx-bikes.de\\\/nl\\\/idworx-on-tour-tech-talk-in-belgie-en-nederland-met-gerrit-en-jochem\"},\"author\":{\"name\":\"Jana Kalbertodt\",\"@id\":\"https:\\\/\\\/www.idworx-bikes.de\\\/#\\\/schema\\\/person\\\/761c91dd3c2ad1aecafcb3aea81ae1f2\"},\"headline\":\"idworx on Tour: Tech Talk in Belgi\u00eb en Nederland met Gerrit en Jochem\",\"datePublished\":\"2026-01-28T09:11:43+00:00\",\"dateModified\":\"2026-03-03T14:01:19+00:00\",\"mainEntityOfPage\":{\"@id\":\"https:\\\/\\\/www.idworx-bikes.de\\\/nl\\\/idworx-on-tour-tech-talk-in-belgie-en-nederland-met-gerrit-en-jochem\"},\"wordCount\":76,\"publisher\":{\"@id\":\"https:\\\/\\\/www.idworx-bikes.de\\\/#organization\"},\"image\":{\"@id\":\"https:\\\/\\\/www.idworx-bikes.de\\\/nl\\\/idworx-on-tour-tech-talk-in-belgie-en-nederland-met-gerrit-en-jochem#primaryimage\"},\"thumbnailUrl\":\"https:\\\/\\\/www.idworx-bikes.de\\\/wp-content\\\/uploads\\\/2024\\\/02\\\/DSC_9136-scaled-318de4cc.webp\",\"articleSection\":[\"Nieuws\",\"Top-Nieuws\"],\"inLanguage\":\"nl-NL\"},{\"@type\":\"WebPage\",\"@id\":\"https:\\\/\\\/www.idworx-bikes.de\\\/nl\\\/idworx-on-tour-tech-talk-in-belgie-en-nederland-met-gerrit-en-jochem\",\"url\":\"https:\\\/\\\/www.idworx-bikes.de\\\/nl\\\/idworx-on-tour-tech-talk-in-belgie-en-nederland-met-gerrit-en-jochem\",\"name\":\"idworx on Tour: Tech Talk in Belgi\u00eb en Nederland met Gerrit en Jochem - idworx \u2013 Premium Reiser\u00e4der, Trekking Bikes, E-Bikes &amp; Vakantiefietsen\",\"isPartOf\":{\"@id\":\"https:\\\/\\\/www.idworx-bikes.de\\\/#website\"},\"primaryImageOfPage\":{\"@id\":\"https:\\\/\\\/www.idworx-bikes.de\\\/nl\\\/idworx-on-tour-tech-talk-in-belgie-en-nederland-met-gerrit-en-jochem#primaryimage\"},\"image\":{\"@id\":\"https:\\\/\\\/www.idworx-bikes.de\\\/nl\\\/idworx-on-tour-tech-talk-in-belgie-en-nederland-met-gerrit-en-jochem#primaryimage\"},\"thumbnailUrl\":\"https:\\\/\\\/www.idworx-bikes.de\\\/wp-content\\\/uploads\\\/2024\\\/02\\\/DSC_9136-scaled-318de4cc.webp\",\"datePublished\":\"2026-01-28T09:11:43+00:00\",\"dateModified\":\"2026-03-03T14:01:19+00:00\",\"breadcrumb\":{\"@id\":\"https:\\\/\\\/www.idworx-bikes.de\\\/nl\\\/idworx-on-tour-tech-talk-in-belgie-en-nederland-met-gerrit-en-jochem#breadcrumb\"},\"inLanguage\":\"nl-NL\",\"potentialAction\":[{\"@type\":\"ReadAction\",\"target\":[\"https:\\\/\\\/www.idworx-bikes.de\\\/nl\\\/idworx-on-tour-tech-talk-in-belgie-en-nederland-met-gerrit-en-jochem\"]}]},{\"@type\":\"ImageObject\",\"inLanguage\":\"nl-NL\",\"@id\":\"https:\\\/\\\/www.idworx-bikes.de\\\/nl\\\/idworx-on-tour-tech-talk-in-belgie-en-nederland-met-gerrit-en-jochem#primaryimage\",\"url\":\"https:\\\/\\\/www.idworx-bikes.de\\\/wp-content\\\/uploads\\\/2024\\\/02\\\/DSC_9136-scaled-318de4cc.webp\",\"contentUrl\":\"https:\\\/\\\/www.idworx-bikes.de\\\/wp-content\\\/uploads\\\/2024\\\/02\\\/DSC_9136-scaled-318de4cc.webp\",\"width\":1600,\"height\":2405},{\"@type\":\"BreadcrumbList\",\"@id\":\"https:\\\/\\\/www.idworx-bikes.de\\\/nl\\\/idworx-on-tour-tech-talk-in-belgie-en-nederland-met-gerrit-en-jochem#breadcrumb\",\"itemListElement\":[{\"@type\":\"ListItem\",\"position\":1,\"name\":\"Home\",\"item\":\"https:\\\/\\\/www.idworx-bikes.de\\\/nl\"},{\"@type\":\"ListItem\",\"position\":2,\"name\":\"idworx on Tour: Tech Talk in Belgi\u00eb en Nederland met Gerrit en Jochem\"}]},{\"@type\":\"WebSite\",\"@id\":\"https:\\\/\\\/www.idworx-bikes.de\\\/#website\",\"url\":\"https:\\\/\\\/www.idworx-bikes.de\\\/\",\"name\":\"idworx \u2013 Premium Reiser\u00e4der, Trekking Bikes, E-Bikes &amp; Vakantiefietsen\",\"description\":\"It works! Handgefertigte Bikes f\u00fcr h\u00f6chste Anspr\u00fcche\",\"publisher\":{\"@id\":\"https:\\\/\\\/www.idworx-bikes.de\\\/#organization\"},\"potentialAction\":[{\"@type\":\"SearchAction\",\"target\":{\"@type\":\"EntryPoint\",\"urlTemplate\":\"https:\\\/\\\/www.idworx-bikes.de\\\/?s={search_term_string}\"},\"query-input\":{\"@type\":\"PropertyValueSpecification\",\"valueRequired\":true,\"valueName\":\"search_term_string\"}}],\"inLanguage\":\"nl-NL\"},{\"@type\":\"Organization\",\"@id\":\"https:\\\/\\\/www.idworx-bikes.de\\\/#organization\",\"name\":\"idworx\",\"url\":\"https:\\\/\\\/www.idworx-bikes.de\\\/\",\"logo\":{\"@type\":\"ImageObject\",\"inLanguage\":\"nl-NL\",\"@id\":\"https:\\\/\\\/www.idworx-bikes.de\\\/#\\\/schema\\\/logo\\\/image\\\/\",\"url\":\"https:\\\/\\\/www.idworx-bikes.de\\\/wp-content\\\/uploads\\\/2015\\\/12\\\/idworx-logo_b.png\",\"contentUrl\":\"https:\\\/\\\/www.idworx-bikes.de\\\/wp-content\\\/uploads\\\/2015\\\/12\\\/idworx-logo_b.png\",\"width\":216,\"height\":69,\"caption\":\"idworx\"},\"image\":{\"@id\":\"https:\\\/\\\/www.idworx-bikes.de\\\/#\\\/schema\\\/logo\\\/image\\\/\"},\"sameAs\":[\"https:\\\/\\\/www.facebook.com\\\/Idworx-202013906499907\\\/\"]},{\"@type\":\"Person\",\"@id\":\"https:\\\/\\\/www.idworx-bikes.de\\\/#\\\/schema\\\/person\\\/761c91dd3c2ad1aecafcb3aea81ae1f2\",\"name\":\"Jana Kalbertodt\",\"image\":{\"@type\":\"ImageObject\",\"inLanguage\":\"nl-NL\",\"@id\":\"https:\\\/\\\/secure.gravatar.com\\\/avatar\\\/7c4bd5bf20bd2fa27c905ba42082dfb4a3c1405ead7c4527b59fd79bff18dc75?s=96&d=mm&r=g\",\"url\":\"https:\\\/\\\/secure.gravatar.com\\\/avatar\\\/7c4bd5bf20bd2fa27c905ba42082dfb4a3c1405ead7c4527b59fd79bff18dc75?s=96&d=mm&r=g\",\"contentUrl\":\"https:\\\/\\\/secure.gravatar.com\\\/avatar\\\/7c4bd5bf20bd2fa27c905ba42082dfb4a3c1405ead7c4527b59fd79bff18dc75?s=96&d=mm&r=g\",\"caption\":\"Jana Kalbertodt\"},\"url\":\"https:\\\/\\\/www.idworx-bikes.de\\\/nl\\\/author\\\/jana\"}]}<\/script>\n<!-- \/ Yoast SEO plugin. -->","yoast_head_json":{"title":"idworx on Tour: Tech Talk in Belgi\u00eb en Nederland met Gerrit en Jochem - idworx \u2013 Premium Reiser\u00e4der, Trekking Bikes, E-Bikes &amp; Vakantiefietsen","robots":{"index":"index","follow":"follow","max-snippet":"max-snippet:-1","max-image-preview":"max-image-preview:large","max-video-preview":"max-video-preview:-1"},"canonical":"https:\/\/www.idworx-bikes.de\/nl\/idworx-on-tour-tech-talk-in-belgie-en-nederland-met-gerrit-en-jochem","og_locale":"nl_NL","og_type":"article","og_title":"idworx on Tour: Tech Talk in Belgi\u00eb en Nederland met Gerrit en Jochem - idworx \u2013 Premium Reiser\u00e4der, Trekking Bikes, E-Bikes &amp; Vakantiefietsen","og_description":"Op 5 maart 2026 starten Gerrit en Jochem hun Tech Talk Tour tijdens Bike Packing Belgium in Antwerpen. Vooraf aanmelden is gewenst. Bike Packing Belgium De tweede stop is bij Bongers Bikes in Apeldoorn, Nederland, op 27 maart 2026. Vooraf aanmelden is gewenst. Bongers Bikes De afsluiting van de tour vindt plaats op 8 april [&hellip;]","og_url":"https:\/\/www.idworx-bikes.de\/nl\/idworx-on-tour-tech-talk-in-belgie-en-nederland-met-gerrit-en-jochem","og_site_name":"idworx \u2013 Premium Reiser\u00e4der, Trekking Bikes, E-Bikes &amp; Vakantiefietsen","article_publisher":"https:\/\/www.facebook.com\/Idworx-202013906499907\/","article_published_time":"2026-01-28T09:11:43+00:00","article_modified_time":"2026-03-03T14:01:19+00:00","og_image":[{"width":1600,"height":2405,"url":"https:\/\/www.idworx-bikes.de\/wp-content\/uploads\/2024\/02\/DSC_9136-scaled-318de4cc.webp","type":"image\/webp"}],"author":"Jana Kalbertodt","twitter_misc":{"Geschreven door":"Jana Kalbertodt"},"schema":{"@context":"https:\/\/schema.org","@graph":[{"@type":"Article","@id":"https:\/\/www.idworx-bikes.de\/nl\/idworx-on-tour-tech-talk-in-belgie-en-nederland-met-gerrit-en-jochem#article","isPartOf":{"@id":"https:\/\/www.idworx-bikes.de\/nl\/idworx-on-tour-tech-talk-in-belgie-en-nederland-met-gerrit-en-jochem"},"author":{"name":"Jana Kalbertodt","@id":"https:\/\/www.idworx-bikes.de\/#\/schema\/person\/761c91dd3c2ad1aecafcb3aea81ae1f2"},"headline":"idworx on Tour: Tech Talk in Belgi\u00eb en Nederland met Gerrit en Jochem","datePublished":"2026-01-28T09:11:43+00:00","dateModified":"2026-03-03T14:01:19+00:00","mainEntityOfPage":{"@id":"https:\/\/www.idworx-bikes.de\/nl\/idworx-on-tour-tech-talk-in-belgie-en-nederland-met-gerrit-en-jochem"},"wordCount":76,"publisher":{"@id":"https:\/\/www.idworx-bikes.de\/#organization"},"image":{"@id":"https:\/\/www.idworx-bikes.de\/nl\/idworx-on-tour-tech-talk-in-belgie-en-nederland-met-gerrit-en-jochem#primaryimage"},"thumbnailUrl":"https:\/\/www.idworx-bikes.de\/wp-content\/uploads\/2024\/02\/DSC_9136-scaled-318de4cc.webp","articleSection":["Nieuws","Top-Nieuws"],"inLanguage":"nl-NL"},{"@type":"WebPage","@id":"https:\/\/www.idworx-bikes.de\/nl\/idworx-on-tour-tech-talk-in-belgie-en-nederland-met-gerrit-en-jochem","url":"https:\/\/www.idworx-bikes.de\/nl\/idworx-on-tour-tech-talk-in-belgie-en-nederland-met-gerrit-en-jochem","name":"idworx on Tour: Tech Talk in Belgi\u00eb en Nederland met Gerrit en Jochem - idworx \u2013 Premium Reiser\u00e4der, Trekking Bikes, E-Bikes &amp; Vakantiefietsen","isPartOf":{"@id":"https:\/\/www.idworx-bikes.de\/#website"},"primaryImageOfPage":{"@id":"https:\/\/www.idworx-bikes.de\/nl\/idworx-on-tour-tech-talk-in-belgie-en-nederland-met-gerrit-en-jochem#primaryimage"},"image":{"@id":"https:\/\/www.idworx-bikes.de\/nl\/idworx-on-tour-tech-talk-in-belgie-en-nederland-met-gerrit-en-jochem#primaryimage"},"thumbnailUrl":"https:\/\/www.idworx-bikes.de\/wp-content\/uploads\/2024\/02\/DSC_9136-scaled-318de4cc.webp","datePublished":"2026-01-28T09:11:43+00:00","dateModified":"2026-03-03T14:01:19+00:00","breadcrumb":{"@id":"https:\/\/www.idworx-bikes.de\/nl\/idworx-on-tour-tech-talk-in-belgie-en-nederland-met-gerrit-en-jochem#breadcrumb"},"inLanguage":"nl-NL","potentialAction":[{"@type":"ReadAction","target":["https:\/\/www.idworx-bikes.de\/nl\/idworx-on-tour-tech-talk-in-belgie-en-nederland-met-gerrit-en-jochem"]}]},{"@type":"ImageObject","inLanguage":"nl-NL","@id":"https:\/\/www.idworx-bikes.de\/nl\/idworx-on-tour-tech-talk-in-belgie-en-nederland-met-gerrit-en-jochem#primaryimage","url":"https:\/\/www.idworx-bikes.de\/wp-content\/uploads\/2024\/02\/DSC_9136-scaled-318de4cc.webp","contentUrl":"https:\/\/www.idworx-bikes.de\/wp-content\/uploads\/2024\/02\/DSC_9136-scaled-318de4cc.webp","width":1600,"height":2405},{"@type":"BreadcrumbList","@id":"https:\/\/www.idworx-bikes.de\/nl\/idworx-on-tour-tech-talk-in-belgie-en-nederland-met-gerrit-en-jochem#breadcrumb","itemListElement":[{"@type":"ListItem","position":1,"name":"Home","item":"https:\/\/www.idworx-bikes.de\/nl"},{"@type":"ListItem","position":2,"name":"idworx on Tour: Tech Talk in Belgi\u00eb en Nederland met Gerrit en Jochem"}]},{"@type":"WebSite","@id":"https:\/\/www.idworx-bikes.de\/#website","url":"https:\/\/www.idworx-bikes.de\/","name":"idworx \u2013 Premium Reiser\u00e4der, Trekking Bikes, E-Bikes &amp; Vakantiefietsen","description":"It works! Handgefertigte Bikes f\u00fcr h\u00f6chste Anspr\u00fcche","publisher":{"@id":"https:\/\/www.idworx-bikes.de\/#organization"},"potentialAction":[{"@type":"SearchAction","target":{"@type":"EntryPoint","urlTemplate":"https:\/\/www.idworx-bikes.de\/?s={search_term_string}"},"query-input":{"@type":"PropertyValueSpecification","valueRequired":true,"valueName":"search_term_string"}}],"inLanguage":"nl-NL"},{"@type":"Organization","@id":"https:\/\/www.idworx-bikes.de\/#organization","name":"idworx","url":"https:\/\/www.idworx-bikes.de\/","logo":{"@type":"ImageObject","inLanguage":"nl-NL","@id":"https:\/\/www.idworx-bikes.de\/#\/schema\/logo\/image\/","url":"https:\/\/www.idworx-bikes.de\/wp-content\/uploads\/2015\/12\/idworx-logo_b.png","contentUrl":"https:\/\/www.idworx-bikes.de\/wp-content\/uploads\/2015\/12\/idworx-logo_b.png","width":216,"height":69,"caption":"idworx"},"image":{"@id":"https:\/\/www.idworx-bikes.de\/#\/schema\/logo\/image\/"},"sameAs":["https:\/\/www.facebook.com\/Idworx-202013906499907\/"]},{"@type":"Person","@id":"https:\/\/www.idworx-bikes.de\/#\/schema\/person\/761c91dd3c2ad1aecafcb3aea81ae1f2","name":"Jana Kalbertodt","image":{"@type":"ImageObject","inLanguage":"nl-NL","@id":"https:\/\/secure.gravatar.com\/avatar\/7c4bd5bf20bd2fa27c905ba42082dfb4a3c1405ead7c4527b59fd79bff18dc75?s=96&d=mm&r=g","url":"https:\/\/secure.gravatar.com\/avatar\/7c4bd5bf20bd2fa27c905ba42082dfb4a3c1405ead7c4527b59fd79bff18dc75?s=96&d=mm&r=g","contentUrl":"https:\/\/secure.gravatar.com\/avatar\/7c4bd5bf20bd2fa27c905ba42082dfb4a3c1405ead7c4527b59fd79bff18dc75?s=96&d=mm&r=g","caption":"Jana Kalbertodt"},"url":"https:\/\/www.idworx-bikes.de\/nl\/author\/jana"}]}},"_links":{"self":[{"href":"https:\/\/www.idworx-bikes.de\/nl\/wp-json\/wp\/v2\/posts\/14167","targetHints":{"allow":["GET"]}}],"collection":[{"href":"https:\/\/www.idworx-bikes.de\/nl\/wp-json\/wp\/v2\/posts"}],"about":[{"href":"https:\/\/www.idworx-bikes.de\/nl\/wp-json\/wp\/v2\/types\/post"}],"author":[{"embeddable":true,"href":"https:\/\/www.idworx-bikes.de\/nl\/wp-json\/wp\/v2\/users\/10"}],"replies":[{"embeddable":true,"href":"https:\/\/www.idworx-bikes.de\/nl\/wp-json\/wp\/v2\/comments?post=14167"}],"version-history":[{"count":2,"href":"https:\/\/www.idworx-bikes.de\/nl\/wp-json\/wp\/v2\/posts\/14167\/revisions"}],"predecessor-version":[{"id":14184,"href":"https:\/\/www.idworx-bikes.de\/nl\/wp-json\/wp\/v2\/posts\/14167\/revisions\/14184"}],"wp:featuredmedia":[{"embeddable":true,"href":"https:\/\/www.idworx-bikes.de\/nl\/wp-json\/wp\/v2\/media\/12354"}],"wp:attachment":[{"href":"https:\/\/www.idworx-bikes.de\/nl\/wp-json\/wp\/v2\/media?parent=14167"}],"wp:term":[{"taxonomy":"category","embeddable":true,"href":"https:\/\/www.idworx-bikes.de\/nl\/wp-json\/wp\/v2\/categories?post=14167"},{"taxonomy":"post_tag","embeddable":true,"href":"https:\/\/www.idworx-bikes.de\/nl\/wp-json\/wp\/v2\/tags?post=14167"}],"curies":[{"name":"wp","href":"https:\/\/api.w.org\/{rel}","templated":true}]}}