{"id":5754,"date":"2018-03-22T18:40:20","date_gmt":"2018-03-22T17:40:20","guid":{"rendered":"https:\/\/www.idworx-bikes.de\/unsere-3d-drucker-in-der-faz-radeln-wie-gedruckt"},"modified":"2018-03-24T09:03:59","modified_gmt":"2018-03-24T08:03:59","slug":"unsere-3d-drucker-in-der-faz-radeln-wie-gedruckt","status":"publish","type":"post","link":"https:\/\/www.idworx-bikes.de\/nl\/unsere-3d-drucker-in-der-faz-radeln-wie-gedruckt","title":{"rendered":"Unsere 3D-Drucker in der FAZ: \u201eRadeln wie gedruckt\u201c"},"content":{"rendered":"<p>Die Frankfurter Allgemeine berichtet \u00fcber unsere Produktion von Einzelteilen mit dem 3D-Drucker:<\/p>\n<hr \/>\n<h3><img loading=\"lazy\" decoding=\"async\" class=\"aligncenter size-large wp-image-5758\" src=\"https:\/\/www.idworx-bikes.de\/wp-content\/uploads\/2018\/03\/FAZ-Radelnwiegedruckt-1024x536.jpg\" alt=\"\" width=\"980\" height=\"513\" srcset=\"https:\/\/www.idworx-bikes.de\/wp-content\/uploads\/2018\/03\/FAZ-Radelnwiegedruckt-1024x536.jpg 1024w, https:\/\/www.idworx-bikes.de\/wp-content\/uploads\/2018\/03\/FAZ-Radelnwiegedruckt-300x157.jpg 300w, https:\/\/www.idworx-bikes.de\/wp-content\/uploads\/2018\/03\/FAZ-Radelnwiegedruckt-768x402.jpg 768w, https:\/\/www.idworx-bikes.de\/wp-content\/uploads\/2018\/03\/FAZ-Radelnwiegedruckt-324x170.jpg 324w, https:\/\/www.idworx-bikes.de\/wp-content\/uploads\/2018\/03\/FAZ-Radelnwiegedruckt-416x218.jpg 416w, https:\/\/www.idworx-bikes.de\/wp-content\/uploads\/2018\/03\/FAZ-Radelnwiegedruckt.jpg 1800w\" sizes=\"auto, (max-width: 980px) 100vw, 980px\" \/><\/h3>\n<h1 style=\"text-align: left;\">Radeln wie gedruckt<\/h1>\n<p class=\"atc-IntroText\"><strong>Einzelteile f\u00fcrs Rad kommen aus dem 3D-Drucker.<br \/>\n<\/strong><\/p>\n<p class=\"atc-IntroText\">Mehr: <a href=\"http:\/\/www.faz.net\/-gyg-97htn\" target=\"_blank\" rel=\"noopener\">http:\/\/www.faz.net\/-gyg-97htn<\/a><\/p>\n","protected":false},"excerpt":{"rendered":"<p>Die Frankfurter Allgemeine berichtet \u00fcber unsere Produktion von Einzelteilen mit dem 3D-Drucker: Radeln wie gedruckt Einzelteile f\u00fcrs Rad kommen aus dem 3D-Drucker. Mehr: http:\/\/www.faz.net\/-gyg-97htn<\/p>\n","protected":false},"author":4,"featured_media":5745,"comment_status":"closed","ping_status":"open","sticky":false,"template":"","format":"standard","meta":{"footnotes":""},"categories":[74,193,73,185],"tags":[163],"class_list":["post-5754","post","type-post","status-publish","format-standard","has-post-thumbnail","hentry","category-algemeen","category-nieuws","category-pers","category-top-nieuws","tag-frankfurter-allgemeine-nl"],"yoast_head":"<!-- This site is optimized with the Yoast SEO plugin v27.5 - https:\/\/yoast.com\/product\/yoast-seo-wordpress\/ -->\n<title>Unsere 3D-Drucker in der FAZ: \u201eRadeln wie gedruckt\u201c - idworx \u2013 Premium Reiser\u00e4der, Trekking Bikes, E-Bikes &amp; Vakantiefietsen<\/title>\n<meta name=\"robots\" content=\"index, follow, max-snippet:-1, max-image-preview:large, max-video-preview:-1\" \/>\n<link rel=\"canonical\" href=\"https:\/\/www.idworx-bikes.de\/nl\/unsere-3d-drucker-in-der-faz-radeln-wie-gedruckt\" \/>\n<meta property=\"og:locale\" content=\"nl_NL\" \/>\n<meta property=\"og:type\" content=\"article\" \/>\n<meta property=\"og:title\" content=\"Unsere 3D-Drucker in der FAZ: \u201eRadeln wie gedruckt\u201c - idworx \u2013 Premium Reiser\u00e4der, Trekking Bikes, E-Bikes &amp; Vakantiefietsen\" \/>\n<meta property=\"og:description\" content=\"Die Frankfurter Allgemeine berichtet \u00fcber unsere Produktion von Einzelteilen mit dem 3D-Drucker: Radeln wie gedruckt Einzelteile f\u00fcrs Rad kommen aus dem 3D-Drucker. Mehr: http:\/\/www.faz.net\/-gyg-97htn\" \/>\n<meta property=\"og:url\" content=\"https:\/\/www.idworx-bikes.de\/nl\/unsere-3d-drucker-in-der-faz-radeln-wie-gedruckt\" \/>\n<meta property=\"og:site_name\" content=\"idworx \u2013 Premium Reiser\u00e4der, Trekking Bikes, E-Bikes &amp; Vakantiefietsen\" \/>\n<meta property=\"article:publisher\" content=\"https:\/\/www.facebook.com\/Idworx-202013906499907\/\" \/>\n<meta property=\"article:published_time\" content=\"2018-03-22T17:40:20+00:00\" \/>\n<meta property=\"article:modified_time\" content=\"2018-03-24T08:03:59+00:00\" \/>\n<meta property=\"og:image\" content=\"https:\/\/www.idworx-bikes.de\/wp-content\/uploads\/2018\/03\/PR17194__F-EPAP__MO-SO__EP4__4.png\" \/>\n\t<meta property=\"og:image:width\" content=\"665\" \/>\n\t<meta property=\"og:image:height\" content=\"665\" \/>\n\t<meta property=\"og:image:type\" content=\"image\/png\" \/>\n<meta name=\"author\" content=\"idworx\" \/>\n<meta name=\"twitter:label1\" content=\"Geschreven door\" \/>\n\t<meta name=\"twitter:data1\" content=\"idworx\" \/>\n<script type=\"application\/ld+json\" class=\"yoast-schema-graph\">{\"@context\":\"https:\\\/\\\/schema.org\",\"@graph\":[{\"@type\":\"Article\",\"@id\":\"https:\\\/\\\/www.idworx-bikes.de\\\/nl\\\/unsere-3d-drucker-in-der-faz-radeln-wie-gedruckt#article\",\"isPartOf\":{\"@id\":\"https:\\\/\\\/www.idworx-bikes.de\\\/nl\\\/unsere-3d-drucker-in-der-faz-radeln-wie-gedruckt\"},\"author\":{\"name\":\"idworx\",\"@id\":\"https:\\\/\\\/www.idworx-bikes.de\\\/#\\\/schema\\\/person\\\/735b71851f6ebc7c3ded120d1109b8e1\"},\"headline\":\"Unsere 3D-Drucker in der FAZ: \u201eRadeln wie gedruckt\u201c\",\"datePublished\":\"2018-03-22T17:40:20+00:00\",\"dateModified\":\"2018-03-24T08:03:59+00:00\",\"mainEntityOfPage\":{\"@id\":\"https:\\\/\\\/www.idworx-bikes.de\\\/nl\\\/unsere-3d-drucker-in-der-faz-radeln-wie-gedruckt\"},\"wordCount\":38,\"publisher\":{\"@id\":\"https:\\\/\\\/www.idworx-bikes.de\\\/#organization\"},\"image\":{\"@id\":\"https:\\\/\\\/www.idworx-bikes.de\\\/nl\\\/unsere-3d-drucker-in-der-faz-radeln-wie-gedruckt#primaryimage\"},\"thumbnailUrl\":\"https:\\\/\\\/www.idworx-bikes.de\\\/wp-content\\\/uploads\\\/2018\\\/03\\\/PR17194__F-EPAP__MO-SO__EP4__4.png\",\"keywords\":[\"Frankfurter Allgemeine\"],\"articleSection\":[\"Algemeen\",\"Nieuws\",\"Pers\",\"Top-Nieuws\"],\"inLanguage\":\"nl-NL\"},{\"@type\":\"WebPage\",\"@id\":\"https:\\\/\\\/www.idworx-bikes.de\\\/nl\\\/unsere-3d-drucker-in-der-faz-radeln-wie-gedruckt\",\"url\":\"https:\\\/\\\/www.idworx-bikes.de\\\/nl\\\/unsere-3d-drucker-in-der-faz-radeln-wie-gedruckt\",\"name\":\"Unsere 3D-Drucker in der FAZ: \u201eRadeln wie gedruckt\u201c - idworx \u2013 Premium Reiser\u00e4der, Trekking Bikes, E-Bikes &amp; Vakantiefietsen\",\"isPartOf\":{\"@id\":\"https:\\\/\\\/www.idworx-bikes.de\\\/#website\"},\"primaryImageOfPage\":{\"@id\":\"https:\\\/\\\/www.idworx-bikes.de\\\/nl\\\/unsere-3d-drucker-in-der-faz-radeln-wie-gedruckt#primaryimage\"},\"image\":{\"@id\":\"https:\\\/\\\/www.idworx-bikes.de\\\/nl\\\/unsere-3d-drucker-in-der-faz-radeln-wie-gedruckt#primaryimage\"},\"thumbnailUrl\":\"https:\\\/\\\/www.idworx-bikes.de\\\/wp-content\\\/uploads\\\/2018\\\/03\\\/PR17194__F-EPAP__MO-SO__EP4__4.png\",\"datePublished\":\"2018-03-22T17:40:20+00:00\",\"dateModified\":\"2018-03-24T08:03:59+00:00\",\"breadcrumb\":{\"@id\":\"https:\\\/\\\/www.idworx-bikes.de\\\/nl\\\/unsere-3d-drucker-in-der-faz-radeln-wie-gedruckt#breadcrumb\"},\"inLanguage\":\"nl-NL\",\"potentialAction\":[{\"@type\":\"ReadAction\",\"target\":[\"https:\\\/\\\/www.idworx-bikes.de\\\/nl\\\/unsere-3d-drucker-in-der-faz-radeln-wie-gedruckt\"]}]},{\"@type\":\"ImageObject\",\"inLanguage\":\"nl-NL\",\"@id\":\"https:\\\/\\\/www.idworx-bikes.de\\\/nl\\\/unsere-3d-drucker-in-der-faz-radeln-wie-gedruckt#primaryimage\",\"url\":\"https:\\\/\\\/www.idworx-bikes.de\\\/wp-content\\\/uploads\\\/2018\\\/03\\\/PR17194__F-EPAP__MO-SO__EP4__4.png\",\"contentUrl\":\"https:\\\/\\\/www.idworx-bikes.de\\\/wp-content\\\/uploads\\\/2018\\\/03\\\/PR17194__F-EPAP__MO-SO__EP4__4.png\",\"width\":665,\"height\":665},{\"@type\":\"BreadcrumbList\",\"@id\":\"https:\\\/\\\/www.idworx-bikes.de\\\/nl\\\/unsere-3d-drucker-in-der-faz-radeln-wie-gedruckt#breadcrumb\",\"itemListElement\":[{\"@type\":\"ListItem\",\"position\":1,\"name\":\"Home\",\"item\":\"https:\\\/\\\/www.idworx-bikes.de\\\/nl\"},{\"@type\":\"ListItem\",\"position\":2,\"name\":\"Unsere 3D-Drucker in der FAZ: \u201eRadeln wie gedruckt\u201c\"}]},{\"@type\":\"WebSite\",\"@id\":\"https:\\\/\\\/www.idworx-bikes.de\\\/#website\",\"url\":\"https:\\\/\\\/www.idworx-bikes.de\\\/\",\"name\":\"idworx \u2013 Premium Reiser\u00e4der, Trekking Bikes, E-Bikes &amp; Vakantiefietsen\",\"description\":\"It works! Handgefertigte Bikes f\u00fcr h\u00f6chste Anspr\u00fcche\",\"publisher\":{\"@id\":\"https:\\\/\\\/www.idworx-bikes.de\\\/#organization\"},\"potentialAction\":[{\"@type\":\"SearchAction\",\"target\":{\"@type\":\"EntryPoint\",\"urlTemplate\":\"https:\\\/\\\/www.idworx-bikes.de\\\/?s={search_term_string}\"},\"query-input\":{\"@type\":\"PropertyValueSpecification\",\"valueRequired\":true,\"valueName\":\"search_term_string\"}}],\"inLanguage\":\"nl-NL\"},{\"@type\":\"Organization\",\"@id\":\"https:\\\/\\\/www.idworx-bikes.de\\\/#organization\",\"name\":\"idworx\",\"url\":\"https:\\\/\\\/www.idworx-bikes.de\\\/\",\"logo\":{\"@type\":\"ImageObject\",\"inLanguage\":\"nl-NL\",\"@id\":\"https:\\\/\\\/www.idworx-bikes.de\\\/#\\\/schema\\\/logo\\\/image\\\/\",\"url\":\"https:\\\/\\\/www.idworx-bikes.de\\\/wp-content\\\/uploads\\\/2015\\\/12\\\/idworx-logo_b.png\",\"contentUrl\":\"https:\\\/\\\/www.idworx-bikes.de\\\/wp-content\\\/uploads\\\/2015\\\/12\\\/idworx-logo_b.png\",\"width\":216,\"height\":69,\"caption\":\"idworx\"},\"image\":{\"@id\":\"https:\\\/\\\/www.idworx-bikes.de\\\/#\\\/schema\\\/logo\\\/image\\\/\"},\"sameAs\":[\"https:\\\/\\\/www.facebook.com\\\/Idworx-202013906499907\\\/\"]},{\"@type\":\"Person\",\"@id\":\"https:\\\/\\\/www.idworx-bikes.de\\\/#\\\/schema\\\/person\\\/735b71851f6ebc7c3ded120d1109b8e1\",\"name\":\"idworx\",\"image\":{\"@type\":\"ImageObject\",\"inLanguage\":\"nl-NL\",\"@id\":\"https:\\\/\\\/secure.gravatar.com\\\/avatar\\\/2cf73e8faf7cb5f27095ce644b10b8efec7bd3d57cf32acaecf59ea36e23a2a1?s=96&d=mm&r=g\",\"url\":\"https:\\\/\\\/secure.gravatar.com\\\/avatar\\\/2cf73e8faf7cb5f27095ce644b10b8efec7bd3d57cf32acaecf59ea36e23a2a1?s=96&d=mm&r=g\",\"contentUrl\":\"https:\\\/\\\/secure.gravatar.com\\\/avatar\\\/2cf73e8faf7cb5f27095ce644b10b8efec7bd3d57cf32acaecf59ea36e23a2a1?s=96&d=mm&r=g\",\"caption\":\"idworx\"},\"sameAs\":[\"http:\\\/\\\/jakobmaser.com\"],\"url\":\"https:\\\/\\\/www.idworx-bikes.de\\\/nl\\\/author\\\/jakob-maser\"}]}<\/script>\n<!-- \/ Yoast SEO plugin. -->","yoast_head_json":{"title":"Unsere 3D-Drucker in der FAZ: \u201eRadeln wie gedruckt\u201c - idworx \u2013 Premium Reiser\u00e4der, Trekking Bikes, E-Bikes &amp; Vakantiefietsen","robots":{"index":"index","follow":"follow","max-snippet":"max-snippet:-1","max-image-preview":"max-image-preview:large","max-video-preview":"max-video-preview:-1"},"canonical":"https:\/\/www.idworx-bikes.de\/nl\/unsere-3d-drucker-in-der-faz-radeln-wie-gedruckt","og_locale":"nl_NL","og_type":"article","og_title":"Unsere 3D-Drucker in der FAZ: \u201eRadeln wie gedruckt\u201c - idworx \u2013 Premium Reiser\u00e4der, Trekking Bikes, E-Bikes &amp; Vakantiefietsen","og_description":"Die Frankfurter Allgemeine berichtet \u00fcber unsere Produktion von Einzelteilen mit dem 3D-Drucker: Radeln wie gedruckt Einzelteile f\u00fcrs Rad kommen aus dem 3D-Drucker. Mehr: http:\/\/www.faz.net\/-gyg-97htn","og_url":"https:\/\/www.idworx-bikes.de\/nl\/unsere-3d-drucker-in-der-faz-radeln-wie-gedruckt","og_site_name":"idworx \u2013 Premium Reiser\u00e4der, Trekking Bikes, E-Bikes &amp; Vakantiefietsen","article_publisher":"https:\/\/www.facebook.com\/Idworx-202013906499907\/","article_published_time":"2018-03-22T17:40:20+00:00","article_modified_time":"2018-03-24T08:03:59+00:00","og_image":[{"width":665,"height":665,"url":"https:\/\/www.idworx-bikes.de\/wp-content\/uploads\/2018\/03\/PR17194__F-EPAP__MO-SO__EP4__4.png","type":"image\/png"}],"author":"idworx","twitter_misc":{"Geschreven door":"idworx"},"schema":{"@context":"https:\/\/schema.org","@graph":[{"@type":"Article","@id":"https:\/\/www.idworx-bikes.de\/nl\/unsere-3d-drucker-in-der-faz-radeln-wie-gedruckt#article","isPartOf":{"@id":"https:\/\/www.idworx-bikes.de\/nl\/unsere-3d-drucker-in-der-faz-radeln-wie-gedruckt"},"author":{"name":"idworx","@id":"https:\/\/www.idworx-bikes.de\/#\/schema\/person\/735b71851f6ebc7c3ded120d1109b8e1"},"headline":"Unsere 3D-Drucker in der FAZ: \u201eRadeln wie gedruckt\u201c","datePublished":"2018-03-22T17:40:20+00:00","dateModified":"2018-03-24T08:03:59+00:00","mainEntityOfPage":{"@id":"https:\/\/www.idworx-bikes.de\/nl\/unsere-3d-drucker-in-der-faz-radeln-wie-gedruckt"},"wordCount":38,"publisher":{"@id":"https:\/\/www.idworx-bikes.de\/#organization"},"image":{"@id":"https:\/\/www.idworx-bikes.de\/nl\/unsere-3d-drucker-in-der-faz-radeln-wie-gedruckt#primaryimage"},"thumbnailUrl":"https:\/\/www.idworx-bikes.de\/wp-content\/uploads\/2018\/03\/PR17194__F-EPAP__MO-SO__EP4__4.png","keywords":["Frankfurter Allgemeine"],"articleSection":["Algemeen","Nieuws","Pers","Top-Nieuws"],"inLanguage":"nl-NL"},{"@type":"WebPage","@id":"https:\/\/www.idworx-bikes.de\/nl\/unsere-3d-drucker-in-der-faz-radeln-wie-gedruckt","url":"https:\/\/www.idworx-bikes.de\/nl\/unsere-3d-drucker-in-der-faz-radeln-wie-gedruckt","name":"Unsere 3D-Drucker in der FAZ: \u201eRadeln wie gedruckt\u201c - idworx \u2013 Premium Reiser\u00e4der, Trekking Bikes, E-Bikes &amp; Vakantiefietsen","isPartOf":{"@id":"https:\/\/www.idworx-bikes.de\/#website"},"primaryImageOfPage":{"@id":"https:\/\/www.idworx-bikes.de\/nl\/unsere-3d-drucker-in-der-faz-radeln-wie-gedruckt#primaryimage"},"image":{"@id":"https:\/\/www.idworx-bikes.de\/nl\/unsere-3d-drucker-in-der-faz-radeln-wie-gedruckt#primaryimage"},"thumbnailUrl":"https:\/\/www.idworx-bikes.de\/wp-content\/uploads\/2018\/03\/PR17194__F-EPAP__MO-SO__EP4__4.png","datePublished":"2018-03-22T17:40:20+00:00","dateModified":"2018-03-24T08:03:59+00:00","breadcrumb":{"@id":"https:\/\/www.idworx-bikes.de\/nl\/unsere-3d-drucker-in-der-faz-radeln-wie-gedruckt#breadcrumb"},"inLanguage":"nl-NL","potentialAction":[{"@type":"ReadAction","target":["https:\/\/www.idworx-bikes.de\/nl\/unsere-3d-drucker-in-der-faz-radeln-wie-gedruckt"]}]},{"@type":"ImageObject","inLanguage":"nl-NL","@id":"https:\/\/www.idworx-bikes.de\/nl\/unsere-3d-drucker-in-der-faz-radeln-wie-gedruckt#primaryimage","url":"https:\/\/www.idworx-bikes.de\/wp-content\/uploads\/2018\/03\/PR17194__F-EPAP__MO-SO__EP4__4.png","contentUrl":"https:\/\/www.idworx-bikes.de\/wp-content\/uploads\/2018\/03\/PR17194__F-EPAP__MO-SO__EP4__4.png","width":665,"height":665},{"@type":"BreadcrumbList","@id":"https:\/\/www.idworx-bikes.de\/nl\/unsere-3d-drucker-in-der-faz-radeln-wie-gedruckt#breadcrumb","itemListElement":[{"@type":"ListItem","position":1,"name":"Home","item":"https:\/\/www.idworx-bikes.de\/nl"},{"@type":"ListItem","position":2,"name":"Unsere 3D-Drucker in der FAZ: \u201eRadeln wie gedruckt\u201c"}]},{"@type":"WebSite","@id":"https:\/\/www.idworx-bikes.de\/#website","url":"https:\/\/www.idworx-bikes.de\/","name":"idworx \u2013 Premium Reiser\u00e4der, Trekking Bikes, E-Bikes &amp; Vakantiefietsen","description":"It works! Handgefertigte Bikes f\u00fcr h\u00f6chste Anspr\u00fcche","publisher":{"@id":"https:\/\/www.idworx-bikes.de\/#organization"},"potentialAction":[{"@type":"SearchAction","target":{"@type":"EntryPoint","urlTemplate":"https:\/\/www.idworx-bikes.de\/?s={search_term_string}"},"query-input":{"@type":"PropertyValueSpecification","valueRequired":true,"valueName":"search_term_string"}}],"inLanguage":"nl-NL"},{"@type":"Organization","@id":"https:\/\/www.idworx-bikes.de\/#organization","name":"idworx","url":"https:\/\/www.idworx-bikes.de\/","logo":{"@type":"ImageObject","inLanguage":"nl-NL","@id":"https:\/\/www.idworx-bikes.de\/#\/schema\/logo\/image\/","url":"https:\/\/www.idworx-bikes.de\/wp-content\/uploads\/2015\/12\/idworx-logo_b.png","contentUrl":"https:\/\/www.idworx-bikes.de\/wp-content\/uploads\/2015\/12\/idworx-logo_b.png","width":216,"height":69,"caption":"idworx"},"image":{"@id":"https:\/\/www.idworx-bikes.de\/#\/schema\/logo\/image\/"},"sameAs":["https:\/\/www.facebook.com\/Idworx-202013906499907\/"]},{"@type":"Person","@id":"https:\/\/www.idworx-bikes.de\/#\/schema\/person\/735b71851f6ebc7c3ded120d1109b8e1","name":"idworx","image":{"@type":"ImageObject","inLanguage":"nl-NL","@id":"https:\/\/secure.gravatar.com\/avatar\/2cf73e8faf7cb5f27095ce644b10b8efec7bd3d57cf32acaecf59ea36e23a2a1?s=96&d=mm&r=g","url":"https:\/\/secure.gravatar.com\/avatar\/2cf73e8faf7cb5f27095ce644b10b8efec7bd3d57cf32acaecf59ea36e23a2a1?s=96&d=mm&r=g","contentUrl":"https:\/\/secure.gravatar.com\/avatar\/2cf73e8faf7cb5f27095ce644b10b8efec7bd3d57cf32acaecf59ea36e23a2a1?s=96&d=mm&r=g","caption":"idworx"},"sameAs":["http:\/\/jakobmaser.com"],"url":"https:\/\/www.idworx-bikes.de\/nl\/author\/jakob-maser"}]}},"_links":{"self":[{"href":"https:\/\/www.idworx-bikes.de\/nl\/wp-json\/wp\/v2\/posts\/5754","targetHints":{"allow":["GET"]}}],"collection":[{"href":"https:\/\/www.idworx-bikes.de\/nl\/wp-json\/wp\/v2\/posts"}],"about":[{"href":"https:\/\/www.idworx-bikes.de\/nl\/wp-json\/wp\/v2\/types\/post"}],"author":[{"embeddable":true,"href":"https:\/\/www.idworx-bikes.de\/nl\/wp-json\/wp\/v2\/users\/4"}],"replies":[{"embeddable":true,"href":"https:\/\/www.idworx-bikes.de\/nl\/wp-json\/wp\/v2\/comments?post=5754"}],"version-history":[{"count":1,"href":"https:\/\/www.idworx-bikes.de\/nl\/wp-json\/wp\/v2\/posts\/5754\/revisions"}],"predecessor-version":[{"id":5762,"href":"https:\/\/www.idworx-bikes.de\/nl\/wp-json\/wp\/v2\/posts\/5754\/revisions\/5762"}],"wp:featuredmedia":[{"embeddable":true,"href":"https:\/\/www.idworx-bikes.de\/nl\/wp-json\/wp\/v2\/media\/5745"}],"wp:attachment":[{"href":"https:\/\/www.idworx-bikes.de\/nl\/wp-json\/wp\/v2\/media?parent=5754"}],"wp:term":[{"taxonomy":"category","embeddable":true,"href":"https:\/\/www.idworx-bikes.de\/nl\/wp-json\/wp\/v2\/categories?post=5754"},{"taxonomy":"post_tag","embeddable":true,"href":"https:\/\/www.idworx-bikes.de\/nl\/wp-json\/wp\/v2\/tags?post=5754"}],"curies":[{"name":"wp","href":"https:\/\/api.w.org\/{rel}","templated":true}]}}